{"id":10001,"date":"2022-10-04T06:03:28","date_gmt":"2022-10-04T05:03:28","guid":{"rendered":"https:\/\/www.krajskakniznicazilina.sk\/?p=10001"},"modified":"2022-09-30T09:41:59","modified_gmt":"2022-09-30T08:41:59","slug":"klub-tvoriveho-pisania-fantastiky-2","status":"publish","type":"post","link":"https:\/\/www.krajskakniznicazilina.sk\/index.php\/2022\/10\/04\/klub-tvoriveho-pisania-fantastiky-2\/","title":{"rendered":"Klub tvoriv\u00e9ho p\u00edsania fantastiky"},"content":{"rendered":"<p style=\"text-align: justify;\"><a href=\"https:\/\/www.krajskakniznicazilina.sk\/menu\/podu\/klub\/klub%20tvoriv%C3%A9ho%20p%C3%ADsania.jpg\"><img decoding=\"async\" class=\"alignleft size-full\" src=\"https:\/\/www.krajskakniznicazilina.sk\/menu\/podu\/klub\/klub%20tvoriv%C3%A9ho%20p%C3%ADsania.jpg\" width=\"40%\" height=\"40%\" \/><\/a>Ak ste nad\u0161en\u00fdm \u010ditate\u013eom \u017e\u00e1nru fantasy a navy\u0161e by ste chceli vlastn\u00e9 my\u0161lienky a n\u00e1pady pretavi\u0165 na vzru\u0161uj\u00faci p\u00fatav\u00fd pr\u00edbeh, pr\u00ed\u010fte v utorok <strong>18. okt\u00f3bra o 16:00<\/strong> do Krajskej kni\u017enice v \u017diline. Na pravideln\u00fdch stretnutiach klubu sa pok\u00fasime o realiz\u00e1ciu va\u0161ich spisovate\u013esk\u00fdch pl\u00e1nov. Predstav\u00edme si fantastick\u00fa literat\u00faru z h\u013eadiska liter\u00e1rnej te\u00f3rie. Budeme sa in\u0161pirova\u0165 majstrami v tomto odbore. Porozpr\u00e1vame sa o va\u0161ich ob\u013e\u00faben\u00fdch dielach a precvi\u010d\u00edme si tvoriv\u00e9 myslenie zauj\u00edmav\u00fdmi aktivitami. Klub je vhodn\u00fd pre v\u0161etk\u00fdch z\u00e1ujemcov vo veku od 10 rokov.<\/p>\n","protected":false},"excerpt":{"rendered":"<p>Ak ste nad\u0161en\u00fdm \u010ditate\u013eom \u017e\u00e1nru fantasy a navy\u0161e by ste chceli vlastn\u00e9 my\u0161lienky a n\u00e1pady pretavi\u0165 na vzru\u0161uj\u00faci p\u00fatav\u00fd pr\u00edbeh, pr\u00ed\u010fte v utorok 18. okt\u00f3bra o 16:00 do Krajskej kni\u017enice v \u017diline. Na pravideln\u00fdch stretnutiach klubu sa pok\u00fasime o realiz\u00e1ciu va\u0161ich spisovate\u013esk\u00fdch pl\u00e1nov. Predstav\u00edme si fantastick\u00fa literat\u00faru z h\u013eadiska liter\u00e1rnej te\u00f3rie. Budeme sa in\u0161pirova\u0165 majstrami &#8230; <a title=\"Klub tvoriv\u00e9ho p\u00edsania fantastiky\" class=\"read-more\" href=\"https:\/\/www.krajskakniznicazilina.sk\/index.php\/2022\/10\/04\/klub-tvoriveho-pisania-fantastiky-2\/\" aria-label=\"Pre\u010d\u00edtajte si viac o Klub tvoriv\u00e9ho p\u00edsania fantastiky\">\u010c\u00edta\u0165 viac<\/a><\/p>\n","protected":false},"author":1,"featured_media":0,"comment_status":"open","ping_status":"open","sticky":false,"template":"","format":"image","meta":{"footnotes":""},"categories":[23,33,12],"tags":[],"class_list":["post-10001","post","type-post","status-publish","format-image","hentry","category-klub","category-klub-fantastickej-literatury","category-podujatie","post_format-post-format-image"],"_links":{"self":[{"href":"https:\/\/www.krajskakniznicazilina.sk\/index.php\/wp-json\/wp\/v2\/posts\/10001","targetHints":{"allow":["GET"]}}],"collection":[{"href":"https:\/\/www.krajskakniznicazilina.sk\/index.php\/wp-json\/wp\/v2\/posts"}],"about":[{"href":"https:\/\/www.krajskakniznicazilina.sk\/index.php\/wp-json\/wp\/v2\/types\/post"}],"author":[{"embeddable":true,"href":"https:\/\/www.krajskakniznicazilina.sk\/index.php\/wp-json\/wp\/v2\/users\/1"}],"replies":[{"embeddable":true,"href":"https:\/\/www.krajskakniznicazilina.sk\/index.php\/wp-json\/wp\/v2\/comments?post=10001"}],"version-history":[{"count":3,"href":"https:\/\/www.krajskakniznicazilina.sk\/index.php\/wp-json\/wp\/v2\/posts\/10001\/revisions"}],"predecessor-version":[{"id":10068,"href":"https:\/\/www.krajskakniznicazilina.sk\/index.php\/wp-json\/wp\/v2\/posts\/10001\/revisions\/10068"}],"wp:attachment":[{"href":"https:\/\/www.krajskakniznicazilina.sk\/index.php\/wp-json\/wp\/v2\/media?parent=10001"}],"wp:term":[{"taxonomy":"category","embeddable":true,"href":"https:\/\/www.krajskakniznicazilina.sk\/index.php\/wp-json\/wp\/v2\/categories?post=10001"},{"taxonomy":"post_tag","embeddable":true,"href":"https:\/\/www.krajskakniznicazilina.sk\/index.php\/wp-json\/wp\/v2\/tags?post=10001"}],"curies":[{"name":"wp","href":"https:\/\/api.w.org\/{rel}","templated":true}]}}