{"id":10055,"date":"2021-10-20T10:50:33","date_gmt":"2021-10-20T09:50:33","guid":{"rendered":"https:\/\/www.krajskakniznicazilina.sk\/?p=10055"},"modified":"2022-09-29T10:52:38","modified_gmt":"2022-09-29T09:52:38","slug":"vianoce-s-detskou-knihou-xiv-rocnik","status":"publish","type":"post","link":"https:\/\/www.krajskakniznicazilina.sk\/index.php\/2021\/10\/20\/vianoce-s-detskou-knihou-xiv-rocnik\/","title":{"rendered":"Vianoce s detskou knihou \u2013 XIV. ro\u010dn\u00edk"},"content":{"rendered":"<p><a href=\"https:\/\/www.krajskakniznicazilina.sk\/clanky\/2021\/11\/vianoce%20s%20detskou%20knihou.jpg\"><img decoding=\"async\" class=\"alignright size-full\" src=\"https:\/\/www.krajskakniznicazilina.sk\/clanky\/2021\/11\/vianoce%20s%20detskou%20knihou.jpg\" width=\"40%\" height=\"40%\" \/><\/a><\/p>\n<p style=\"text-align: justify;\">Autoresk\u00e9 besedy sa bud\u00fa uskuto\u010dnova\u0165 v Krajskej kni\u017enici v \u017diline po\u010das novembra 2021. Podujatie v r\u00e1mci projektu Vianoce s detskou knihou \u2013 XIV. ro\u010dn\u00edk festivalu. Z\u00a0verejn\u00fdch zdrojov podporil Fond na podporu umenia.<\/p>\n","protected":false},"excerpt":{"rendered":"<p>Autoresk\u00e9 besedy sa bud\u00fa uskuto\u010dnova\u0165 v Krajskej kni\u017enici v \u017diline po\u010das novembra 2021. Podujatie v r\u00e1mci projektu Vianoce s detskou knihou \u2013 XIV. ro\u010dn\u00edk festivalu. Z\u00a0verejn\u00fdch zdrojov podporil Fond na podporu umenia.<\/p>\n","protected":false},"author":1,"featured_media":0,"comment_status":"open","ping_status":"open","sticky":false,"template":"","format":"image","meta":{"footnotes":""},"categories":[12,68],"tags":[],"class_list":["post-10055","post","type-post","status-publish","format-image","hentry","category-podujatie","category-projekt","post_format-post-format-image"],"_links":{"self":[{"href":"https:\/\/www.krajskakniznicazilina.sk\/index.php\/wp-json\/wp\/v2\/posts\/10055","targetHints":{"allow":["GET"]}}],"collection":[{"href":"https:\/\/www.krajskakniznicazilina.sk\/index.php\/wp-json\/wp\/v2\/posts"}],"about":[{"href":"https:\/\/www.krajskakniznicazilina.sk\/index.php\/wp-json\/wp\/v2\/types\/post"}],"author":[{"embeddable":true,"href":"https:\/\/www.krajskakniznicazilina.sk\/index.php\/wp-json\/wp\/v2\/users\/1"}],"replies":[{"embeddable":true,"href":"https:\/\/www.krajskakniznicazilina.sk\/index.php\/wp-json\/wp\/v2\/comments?post=10055"}],"version-history":[{"count":2,"href":"https:\/\/www.krajskakniznicazilina.sk\/index.php\/wp-json\/wp\/v2\/posts\/10055\/revisions"}],"predecessor-version":[{"id":10057,"href":"https:\/\/www.krajskakniznicazilina.sk\/index.php\/wp-json\/wp\/v2\/posts\/10055\/revisions\/10057"}],"wp:attachment":[{"href":"https:\/\/www.krajskakniznicazilina.sk\/index.php\/wp-json\/wp\/v2\/media?parent=10055"}],"wp:term":[{"taxonomy":"category","embeddable":true,"href":"https:\/\/www.krajskakniznicazilina.sk\/index.php\/wp-json\/wp\/v2\/categories?post=10055"},{"taxonomy":"post_tag","embeddable":true,"href":"https:\/\/www.krajskakniznicazilina.sk\/index.php\/wp-json\/wp\/v2\/tags?post=10055"}],"curies":[{"name":"wp","href":"https:\/\/api.w.org\/{rel}","templated":true}]}}