{"id":10061,"date":"2022-05-07T10:56:51","date_gmt":"2022-05-07T09:56:51","guid":{"rendered":"https:\/\/www.krajskakniznicazilina.sk\/?p=10061"},"modified":"2022-09-29T10:58:45","modified_gmt":"2022-09-29T09:58:45","slug":"vianoce-s-detskou-knihou-xiv-rocnik-2","status":"publish","type":"post","link":"https:\/\/www.krajskakniznicazilina.sk\/index.php\/2022\/05\/07\/vianoce-s-detskou-knihou-xiv-rocnik-2\/","title":{"rendered":"Vianoce s detskou knihou \u2013 XIV. ro\u010dn\u00edk"},"content":{"rendered":"<p style=\"text-align: justify;\"><a href=\"https:\/\/www.krajskakniznicazilina.sk\/clanky\/2022\/05\/vianoce%20s%20detskou%20knihou2022.jpg\"><img decoding=\"async\" class=\"alignright size-full\" src=\"https:\/\/www.krajskakniznicazilina.sk\/clanky\/2022\/05\/vianoce%20s%20detskou%20knihou2022.jpg\" width=\"40%\" height=\"40%\" \/><\/a>Autorsk\u00e9 \u010d\u00edtania a tvoriv\u00ed dielne sa bud\u00fa kona\u0165 pos m\u00e1ja a j\u00fana v Krajskej kni\u017enici v \u017diline. Podujatie v r\u00e1mci projektu Vianoce s detskou knihou \u2013 XIV. ro\u010dn\u00edk festivalu. Z verejn\u00fdch zdrojov podporil Fond na podporu umenia.<\/p>\n","protected":false},"excerpt":{"rendered":"<p>Autorsk\u00e9 \u010d\u00edtania a tvoriv\u00ed dielne sa bud\u00fa kona\u0165 pos m\u00e1ja a j\u00fana v Krajskej kni\u017enici v \u017diline. Podujatie v r\u00e1mci projektu Vianoce s detskou knihou \u2013 XIV. ro\u010dn\u00edk festivalu. Z verejn\u00fdch zdrojov podporil Fond na podporu umenia.<\/p>\n","protected":false},"author":1,"featured_media":0,"comment_status":"open","ping_status":"open","sticky":false,"template":"","format":"image","meta":{"footnotes":""},"categories":[12,68],"tags":[],"class_list":["post-10061","post","type-post","status-publish","format-image","hentry","category-podujatie","category-projekt","post_format-post-format-image"],"_links":{"self":[{"href":"https:\/\/www.krajskakniznicazilina.sk\/index.php\/wp-json\/wp\/v2\/posts\/10061","targetHints":{"allow":["GET"]}}],"collection":[{"href":"https:\/\/www.krajskakniznicazilina.sk\/index.php\/wp-json\/wp\/v2\/posts"}],"about":[{"href":"https:\/\/www.krajskakniznicazilina.sk\/index.php\/wp-json\/wp\/v2\/types\/post"}],"author":[{"embeddable":true,"href":"https:\/\/www.krajskakniznicazilina.sk\/index.php\/wp-json\/wp\/v2\/users\/1"}],"replies":[{"embeddable":true,"href":"https:\/\/www.krajskakniznicazilina.sk\/index.php\/wp-json\/wp\/v2\/comments?post=10061"}],"version-history":[{"count":1,"href":"https:\/\/www.krajskakniznicazilina.sk\/index.php\/wp-json\/wp\/v2\/posts\/10061\/revisions"}],"predecessor-version":[{"id":10062,"href":"https:\/\/www.krajskakniznicazilina.sk\/index.php\/wp-json\/wp\/v2\/posts\/10061\/revisions\/10062"}],"wp:attachment":[{"href":"https:\/\/www.krajskakniznicazilina.sk\/index.php\/wp-json\/wp\/v2\/media?parent=10061"}],"wp:term":[{"taxonomy":"category","embeddable":true,"href":"https:\/\/www.krajskakniznicazilina.sk\/index.php\/wp-json\/wp\/v2\/categories?post=10061"},{"taxonomy":"post_tag","embeddable":true,"href":"https:\/\/www.krajskakniznicazilina.sk\/index.php\/wp-json\/wp\/v2\/tags?post=10061"}],"curies":[{"name":"wp","href":"https:\/\/api.w.org\/{rel}","templated":true}]}}