{"id":10071,"date":"2022-10-02T09:42:14","date_gmt":"2022-10-02T08:42:14","guid":{"rendered":"https:\/\/www.krajskakniznicazilina.sk\/?p=10071"},"modified":"2022-10-03T05:58:30","modified_gmt":"2022-10-03T04:58:30","slug":"ako-plynie-cas","status":"publish","type":"post","link":"https:\/\/www.krajskakniznicazilina.sk\/index.php\/2022\/10\/02\/ako-plynie-cas\/","title":{"rendered":"Ako plynie \u010das"},"content":{"rendered":"<p style=\"text-align: justify;\"><a href=\"https:\/\/www.krajskakniznicazilina.sk\/clanky\/2022\/10\/ako%20plynie%20%C4%8Das.jpg\"><img decoding=\"async\" class=\"size-full alignleft\" src=\"https:\/\/www.krajskakniznicazilina.sk\/clanky\/2022\/10\/ako%20plynie%20%C4%8Das.jpg\" width=\"40%\" height=\"40%\" \/><\/a>Podujatie pre deti v dom\u00e1com vzdel\u00e1van\u00ed sa uskuto\u010dn\u00ed v pondelok<strong> 17. okt\u00f3bra o 10:00<\/strong> v Krajskej kni\u017enici \u017dilina. Na okt\u00f3brovom stretnut\u00ed sa porozpr\u00e1vame o ro\u010dn\u00fdch obdobiach, mesiacoch, t\u00fd\u017ed\u0148och a d\u0148och. Uk\u00e1\u017eeme si, ako \u013eudia kedysi merali \u010das, porozpr\u00e1vame sa o jednotliv\u00fdch mesiacoch v kalend\u00e1rnom roku a budeme uva\u017eova\u0165 nad t\u00fdm, \u010do sa d\u00e1 stihn\u00fa\u0165 za sekundu, min\u00fatu, hodinu alebo za jeden de\u0148. Pre\u010d\u00edtame si uk\u00e1\u017eku z knihy s\u00favisiacu s \u010dasom a spolo\u010dne vyrob\u00edme vlastn\u00e9 hodiny.<\/p>\n<p>Stretnutie bude b\u00fdva\u0165 pravidelne a v\u017edy na in\u00fa t\u00e9mu, ka\u017ed\u00fd\u00a0<strong>tret\u00ed pondelok v\u00a0mesiaci o\u00a010:00<\/strong>.<\/p>\n","protected":false},"excerpt":{"rendered":"<p>Podujatie pre deti v dom\u00e1com vzdel\u00e1van\u00ed sa uskuto\u010dn\u00ed v pondelok 17. okt\u00f3bra o 10:00 v Krajskej kni\u017enici \u017dilina. Na okt\u00f3brovom stretnut\u00ed sa porozpr\u00e1vame o ro\u010dn\u00fdch obdobiach, mesiacoch, t\u00fd\u017ed\u0148och a d\u0148och. Uk\u00e1\u017eeme si, ako \u013eudia kedysi merali \u010das, porozpr\u00e1vame sa o jednotliv\u00fdch mesiacoch v kalend\u00e1rnom roku a budeme uva\u017eova\u0165 nad t\u00fdm, \u010do sa d\u00e1 stihn\u00fa\u0165 za &#8230; <a title=\"Ako plynie \u010das\" class=\"read-more\" href=\"https:\/\/www.krajskakniznicazilina.sk\/index.php\/2022\/10\/02\/ako-plynie-cas\/\" aria-label=\"Pre\u010d\u00edtajte si viac o Ako plynie \u010das\">\u010c\u00edta\u0165 viac<\/a><\/p>\n","protected":false},"author":1,"featured_media":0,"comment_status":"open","ping_status":"open","sticky":false,"template":"","format":"image","meta":{"footnotes":""},"categories":[12],"tags":[],"class_list":["post-10071","post","type-post","status-publish","format-image","hentry","category-podujatie","post_format-post-format-image"],"_links":{"self":[{"href":"https:\/\/www.krajskakniznicazilina.sk\/index.php\/wp-json\/wp\/v2\/posts\/10071","targetHints":{"allow":["GET"]}}],"collection":[{"href":"https:\/\/www.krajskakniznicazilina.sk\/index.php\/wp-json\/wp\/v2\/posts"}],"about":[{"href":"https:\/\/www.krajskakniznicazilina.sk\/index.php\/wp-json\/wp\/v2\/types\/post"}],"author":[{"embeddable":true,"href":"https:\/\/www.krajskakniznicazilina.sk\/index.php\/wp-json\/wp\/v2\/users\/1"}],"replies":[{"embeddable":true,"href":"https:\/\/www.krajskakniznicazilina.sk\/index.php\/wp-json\/wp\/v2\/comments?post=10071"}],"version-history":[{"count":4,"href":"https:\/\/www.krajskakniznicazilina.sk\/index.php\/wp-json\/wp\/v2\/posts\/10071\/revisions"}],"predecessor-version":[{"id":10078,"href":"https:\/\/www.krajskakniznicazilina.sk\/index.php\/wp-json\/wp\/v2\/posts\/10071\/revisions\/10078"}],"wp:attachment":[{"href":"https:\/\/www.krajskakniznicazilina.sk\/index.php\/wp-json\/wp\/v2\/media?parent=10071"}],"wp:term":[{"taxonomy":"category","embeddable":true,"href":"https:\/\/www.krajskakniznicazilina.sk\/index.php\/wp-json\/wp\/v2\/categories?post=10071"},{"taxonomy":"post_tag","embeddable":true,"href":"https:\/\/www.krajskakniznicazilina.sk\/index.php\/wp-json\/wp\/v2\/tags?post=10071"}],"curies":[{"name":"wp","href":"https:\/\/api.w.org\/{rel}","templated":true}]}}