{"id":10084,"date":"2022-10-03T11:30:02","date_gmt":"2022-10-03T10:30:02","guid":{"rendered":"https:\/\/www.krajskakniznicazilina.sk\/?p=10084"},"modified":"2022-10-03T11:30:02","modified_gmt":"2022-10-03T10:30:02","slug":"nove-kresla-v-literarnom-parku","status":"publish","type":"post","link":"https:\/\/www.krajskakniznicazilina.sk\/index.php\/2022\/10\/03\/nove-kresla-v-literarnom-parku\/","title":{"rendered":"Nov\u00e9 kresl\u00e1 v liter\u00e1rnom parku"},"content":{"rendered":"<p style=\"text-align: justify;\"><a href=\"https:\/\/www.krajskakniznicazilina.sk\/clanky\/2022\/10\/kresl%C3%A1%20park.JPG\"><img decoding=\"async\" class=\"alignright size-full\" src=\"https:\/\/www.krajskakniznicazilina.sk\/clanky\/2022\/10\/kresl%C3%A1%20park.JPG\" width=\"30%\" height=\"30%\" \/><\/a>\u010cak\u00e1 n\u00e1s babie leto&#8230; tepl\u00e9 l\u00fa\u010de slnka. \u010c\u00edtanie kn\u00edh a \u010dasopisov si m\u00f4\u017eete vychutn\u00e1va\u0165 aj v parku na terase letnej \u010dit\u00e1rne za kni\u017enicou v nov\u00fdch hojdac\u00edch relaxa\u010dn\u00fdch kresl\u00e1ch, n\u00e1kup ktor\u00fdch podporila Nad\u00e1cia Milana Dubca. V najbli\u017e\u0161\u00edch t\u00fd\u017ed\u0148och bud\u00fa v liter\u00e1rno-komunitnom parku priamo pod korunami stromov in\u0161talovan\u00e9 aj \u010fal\u0161ie lavi\u010dky&#8230; Obnovu parku za krajskou kni\u017enicou podporila <strong>Nad\u00e1cia Milana Dubca<\/strong> \u010diastkou 10 000 \u20ac.<\/p>\n<p style=\"text-align: justify;\">Projekt: <a href=\"https:\/\/www.krajskakniznicazilina.sk\/index.php\/2022\/08\/08\/literarno-komunitny-park-pri-kniznici\/\">Liter\u00e1rno-komunitn\u00fd park pri kni\u017enici<\/a><\/p>\n","protected":false},"excerpt":{"rendered":"<p>\u010cak\u00e1 n\u00e1s babie leto&#8230; tepl\u00e9 l\u00fa\u010de slnka. \u010c\u00edtanie kn\u00edh a \u010dasopisov si m\u00f4\u017eete vychutn\u00e1va\u0165 aj v parku na terase letnej \u010dit\u00e1rne za kni\u017enicou v nov\u00fdch hojdac\u00edch relaxa\u010dn\u00fdch kresl\u00e1ch, n\u00e1kup ktor\u00fdch podporila Nad\u00e1cia Milana Dubca. V najbli\u017e\u0161\u00edch t\u00fd\u017ed\u0148och bud\u00fa v liter\u00e1rno-komunitnom parku priamo pod korunami stromov in\u0161talovan\u00e9 aj \u010fal\u0161ie lavi\u010dky&#8230; Obnovu parku za krajskou kni\u017enicou podporila &#8230; <a title=\"Nov\u00e9 kresl\u00e1 v liter\u00e1rnom parku\" class=\"read-more\" href=\"https:\/\/www.krajskakniznicazilina.sk\/index.php\/2022\/10\/03\/nove-kresla-v-literarnom-parku\/\" aria-label=\"Pre\u010d\u00edtajte si viac o Nov\u00e9 kresl\u00e1 v liter\u00e1rnom parku\">\u010c\u00edta\u0165 viac<\/a><\/p>\n","protected":false},"author":1,"featured_media":0,"comment_status":"open","ping_status":"open","sticky":false,"template":"","format":"image","meta":{"footnotes":""},"categories":[68],"tags":[],"class_list":["post-10084","post","type-post","status-publish","format-image","hentry","category-projekt","post_format-post-format-image"],"_links":{"self":[{"href":"https:\/\/www.krajskakniznicazilina.sk\/index.php\/wp-json\/wp\/v2\/posts\/10084","targetHints":{"allow":["GET"]}}],"collection":[{"href":"https:\/\/www.krajskakniznicazilina.sk\/index.php\/wp-json\/wp\/v2\/posts"}],"about":[{"href":"https:\/\/www.krajskakniznicazilina.sk\/index.php\/wp-json\/wp\/v2\/types\/post"}],"author":[{"embeddable":true,"href":"https:\/\/www.krajskakniznicazilina.sk\/index.php\/wp-json\/wp\/v2\/users\/1"}],"replies":[{"embeddable":true,"href":"https:\/\/www.krajskakniznicazilina.sk\/index.php\/wp-json\/wp\/v2\/comments?post=10084"}],"version-history":[{"count":5,"href":"https:\/\/www.krajskakniznicazilina.sk\/index.php\/wp-json\/wp\/v2\/posts\/10084\/revisions"}],"predecessor-version":[{"id":10089,"href":"https:\/\/www.krajskakniznicazilina.sk\/index.php\/wp-json\/wp\/v2\/posts\/10084\/revisions\/10089"}],"wp:attachment":[{"href":"https:\/\/www.krajskakniznicazilina.sk\/index.php\/wp-json\/wp\/v2\/media?parent=10084"}],"wp:term":[{"taxonomy":"category","embeddable":true,"href":"https:\/\/www.krajskakniznicazilina.sk\/index.php\/wp-json\/wp\/v2\/categories?post=10084"},{"taxonomy":"post_tag","embeddable":true,"href":"https:\/\/www.krajskakniznicazilina.sk\/index.php\/wp-json\/wp\/v2\/tags?post=10084"}],"curies":[{"name":"wp","href":"https:\/\/api.w.org\/{rel}","templated":true}]}}