{"id":10464,"date":"2022-12-07T06:09:40","date_gmt":"2022-12-07T06:09:40","guid":{"rendered":"https:\/\/www.krajskakniznicazilina.sk\/?p=10464"},"modified":"2022-12-07T06:09:52","modified_gmt":"2022-12-07T06:09:52","slug":"rozpravac-blog","status":"publish","type":"post","link":"https:\/\/www.krajskakniznicazilina.sk\/index.php\/2022\/12\/07\/rozpravac-blog\/","title":{"rendered":"Rozpr\u00e1va\u010d (blog)"},"content":{"rendered":"<div style=\"background-color: #1a2d59; padding: 35px 35px 35px 35px; text-align: justify;\">\n<p><span style=\"color: #ffffff;\"><i><a href=\"https:\/\/kniznicazilina.blogspot.com\/2022\/12\/dave-grohl-rozpravac.html\"><img decoding=\"async\" class=\"alignright wp-image-8868 size-full\" src=\"https:\/\/blogger.googleusercontent.com\/img\/b\/R29vZ2xl\/AVvXsEg6QtPe48DewbUGYAAXmqUwQtZk1g2RlRpre3Wc_Fco7j2uxb-suNYZzcLephSSI0dZcYxP0qJAPoKP2xTZ2w4hzsnXBbvC56tMN0quY_pZLMCM4M_IyqXA-tyOzHWBJSoulX0-HLK3YGXgPgt1Ih2LDWPq0yXZWXMVCN1hNT5X0Pq1b5_G6A4tv7gR\/s320\/rozpr%C3%A1va%C4%8D.jpg\" alt=\"\" width=\"20%\" height=\"20%\" \/><\/a><\/i>Po dlh\u0161om obdob\u00ed ke\u010f som po\u010d\u00favala najm\u00e4 podcasty som op\u00e4\u0165 na\u0161la \u010daro hudby. Okrem in\u00e9ho som pozerala priamy prenos z\u00a0koncertu na pamiatku zosnul\u00e9ho \u010dlena Foo Fighters. Kolegy\u0148a Mi\u0161ka pr\u00e1ve vtedy \u010d\u00edtala knihu Rozpr\u00e1va\u010d od spev\u00e1ka skupiny, tak som si e\u0161te t\u00fd\u017ede\u0148 po\u010dkala a\u00a0po\u017ei\u010dala si ju tie\u017e&#8230;<br \/>\n<\/span><\/p>\n<p><span style=\"color: #ffffff;\">Viac sa do\u010d\u00edtate na blogu<\/span> <span style=\"color: #ccffff;\"><a style=\"color: #ccffff;\" href=\"https:\/\/kniznicazilina.blogspot.com\/2022\/12\/dave-grohl-rozpravac.html\"><strong>Kni\u017enica spoza pultu<\/strong><\/a><span style=\"color: #ffffff;\">.<\/span><\/span><\/p>\n<\/div>\n","protected":false},"excerpt":{"rendered":"<p>Po dlh\u0161om obdob\u00ed ke\u010f som po\u010d\u00favala najm\u00e4 podcasty som op\u00e4\u0165 na\u0161la \u010daro hudby. Okrem in\u00e9ho som pozerala priamy prenos z\u00a0koncertu na pamiatku zosnul\u00e9ho \u010dlena Foo Fighters. Kolegy\u0148a Mi\u0161ka pr\u00e1ve vtedy \u010d\u00edtala knihu Rozpr\u00e1va\u010d od spev\u00e1ka skupiny, tak som si e\u0161te t\u00fd\u017ede\u0148 po\u010dkala a\u00a0po\u017ei\u010dala si ju tie\u017e&#8230; Viac sa do\u010d\u00edtate na blogu Kni\u017enica spoza pultu.<\/p>\n","protected":false},"author":1,"featured_media":0,"comment_status":"open","ping_status":"open","sticky":false,"template":"","format":"image","meta":{"footnotes":""},"categories":[65,46],"tags":[],"class_list":["post-10464","post","type-post","status-publish","format-image","hentry","category-blog","category-tip-na-knihu","post_format-post-format-image"],"_links":{"self":[{"href":"https:\/\/www.krajskakniznicazilina.sk\/index.php\/wp-json\/wp\/v2\/posts\/10464","targetHints":{"allow":["GET"]}}],"collection":[{"href":"https:\/\/www.krajskakniznicazilina.sk\/index.php\/wp-json\/wp\/v2\/posts"}],"about":[{"href":"https:\/\/www.krajskakniznicazilina.sk\/index.php\/wp-json\/wp\/v2\/types\/post"}],"author":[{"embeddable":true,"href":"https:\/\/www.krajskakniznicazilina.sk\/index.php\/wp-json\/wp\/v2\/users\/1"}],"replies":[{"embeddable":true,"href":"https:\/\/www.krajskakniznicazilina.sk\/index.php\/wp-json\/wp\/v2\/comments?post=10464"}],"version-history":[{"count":2,"href":"https:\/\/www.krajskakniznicazilina.sk\/index.php\/wp-json\/wp\/v2\/posts\/10464\/revisions"}],"predecessor-version":[{"id":10466,"href":"https:\/\/www.krajskakniznicazilina.sk\/index.php\/wp-json\/wp\/v2\/posts\/10464\/revisions\/10466"}],"wp:attachment":[{"href":"https:\/\/www.krajskakniznicazilina.sk\/index.php\/wp-json\/wp\/v2\/media?parent=10464"}],"wp:term":[{"taxonomy":"category","embeddable":true,"href":"https:\/\/www.krajskakniznicazilina.sk\/index.php\/wp-json\/wp\/v2\/categories?post=10464"},{"taxonomy":"post_tag","embeddable":true,"href":"https:\/\/www.krajskakniznicazilina.sk\/index.php\/wp-json\/wp\/v2\/tags?post=10464"}],"curies":[{"name":"wp","href":"https:\/\/api.w.org\/{rel}","templated":true}]}}