{"id":10513,"date":"2022-12-20T07:06:25","date_gmt":"2022-12-20T07:06:25","guid":{"rendered":"https:\/\/www.krajskakniznicazilina.sk\/?p=10513"},"modified":"2022-12-19T08:07:45","modified_gmt":"2022-12-19T08:07:45","slug":"amfo-2023","status":"publish","type":"post","link":"https:\/\/www.krajskakniznicazilina.sk\/index.php\/2022\/12\/20\/amfo-2023\/","title":{"rendered":"AMFO 2023"},"content":{"rendered":"<p style=\"text-align: justify;\"><a href=\"https:\/\/krkszilina.sk\/2022\/12\/16\/pozvanka-do-sutaze-amfo-2023\/\"><img decoding=\"async\" class=\"alignleft size-full\" src=\"https:\/\/www.krajskakniznicazilina.sk\/clanky\/2023\/01\/AMFO%202023.jpg\" width=\"40%\" height=\"40%\" \/><\/a>Krajsk\u00e9 kult\u00farne stredisko v \u017diline v\u00e1s poz\u00fdva do s\u00fa\u0165a\u017ee neprofesion\u00e1lnej fotografickej tvorby <strong>AMFO 2023<\/strong><br \/>\nVyhlasovate\u013e: N\u00e1rodn\u00e9 osvetov\u00e9 centrum (NOC) Bratislava<br \/>\nOrganiz\u00e1tor:\u00a0 Krajsk\u00e9 kult\u00farne stredisko (KrKS) v \u017dilinev zria\u010fovate\u013eskej p\u00f4sobnosti \u017dilinsk\u00e9ho samospr\u00e1vneho kraja<br \/>\n<strong>Uz\u00e1vierka prihl\u00e1\u0161ok: 18. janu\u00e1r 2023<\/strong><\/p>\n<p style=\"text-align: justify;\">D\u00e1tum konania vernis\u00e1\u017ee: 2. febru\u00e1r 2023 o 16:30<br \/>\nTrvanie v\u00fdstavy: 3. \u2013 28. febru\u00e1r 2023<br \/>\nMiesto konania: Krajsk\u00e1 kni\u017enica v \u017diline, Antona Bernol\u00e1ka \u010d. 47, 010 01 \u017dilina<\/p>\n<p style=\"text-align: justify;\"><strong>Celo\u0161t\u00e1tna postupov\u00e1 s\u00fa\u0165a\u017e a v\u00fdstava amat\u00e9rskej fotografickej tvorby AMFO<\/strong> je najstar\u0161ou a najprest\u00ed\u017enej\u0161ou s\u00fa\u0165a\u017eou a z\u00e1rove\u0148 je vrcholn\u00fdm podujat\u00edm tohto druhu na Slovensku. S\u00fa\u0165a\u017e sa kon\u00e1 ka\u017ed\u00fd rok a je ur\u010den\u00e1 de\u0165om, ml\u00e1de\u017ei a dospel\u00fdm.<\/p>\n<p style=\"text-align: justify;\">Z\u00e1kladn\u00e9 hodnoty s\u00fa\u0165a\u017ee s\u00fa: r\u00f4znorodos\u0165, \u013eudskos\u0165, autentickos\u0165 a nad\u0161enie pre fotografiu.<!--more--><\/p>\n<p style=\"text-align: justify;\">V tomto roku pre\u0161li s\u00fa\u0165a\u017en\u00e9 kateg\u00f3rie \u00fapravou. \u010ciernobiele a farebn\u00e9 fotografie bud\u00fa v AMFO odteraz pr\u00edtomn\u00e9 s v\u00e4\u010d\u0161ou mierou slobody \u2013 bez ohrani\u010denia kateg\u00f3riami. Na z\u00e1klade tejto zmeny sa prirodzene vytvoril priestor na dvojice fotografi\u00ed \u010di diptychy, ktor\u00e9 s\u00fa u\u017e dlho s\u00fa\u010das\u0165ou AMFO, no doposia\u013e sa im nedostalo ich zasl\u00fa\u017eenej pozornosti. Aktualiz\u00e1ciou kateg\u00f3ri\u00ed sa vyzdvihn\u00fa samostatn\u00e9 fotografie \u2013 kateg\u00f3ria A, diptych \u2013 kateg\u00f3ria B, ktor\u00fd bude pre mnoh\u00fdch pr\u00edpravou a medzikrokom k lep\u0161iemu uchopeniu kateg\u00f3rie C \u2013 cykly a seri\u00e1ly. Kateg\u00f3ria experiment ost\u00e1va nezmenen\u00e1 a pon\u00faka priestor na odv\u00e1\u017ene vykro\u010denia a rozsiahlej\u0161ie fotoprojekty.<\/p>\n<p style=\"text-align: justify;\"><strong>S\u00fa\u0165a\u017en\u00e9 kateg\u00f3rie<\/strong><br \/>\nI. vekov\u00e1 skupina: autori do 15 rokov<\/p>\n<p style=\"padding-left: 40px; text-align: justify;\">A. kateg\u00f3ria: samostatn\u00e9 fotografie<br \/>\nB. kateg\u00f3ria: diptych<\/p>\n<p style=\"text-align: justify;\">II. vekov\u00e1 skupina: autori od 15 do 25 rokov<\/p>\n<p style=\"padding-left: 40px; text-align: justify;\">A. kateg\u00f3ria: samostatn\u00e9 fotografie<br \/>\nB. kateg\u00f3ria: diptych<\/p>\n<p style=\"text-align: justify;\">III. vekov\u00e1 skupina: autori nad 25 rokov<\/p>\n<p style=\"padding-left: 40px; text-align: justify;\">A. kateg\u00f3ria: samostatn\u00e9 fotografie<br \/>\nB. kateg\u00f3ria: diptych<br \/>\nBez rozl\u00ed\u0161enia veku:<br \/>\nC. kateg\u00f3ria: cykly a seri\u00e1ly<br \/>\nD. kateg\u00f3ria: experiment<\/p>\n<p style=\"text-align: justify;\">Do s\u00fa\u0165a\u017ee je mo\u017en\u00e9 zasla\u0165 len diela, ktor\u00e9 vznikli v rokoch 2019 \u2013 2023 a z\u00e1rove\u0148 sa nez\u00fa\u010dastnili na \u017eiadnom inom ro\u010dn\u00edku s\u00fa\u0165a\u017ee AMFO. Pre tla\u010d fotografi\u00ed je povinn\u00fd form\u00e1t 30 x 40 cm (aj 30 x 45 cm), 40 x 30 a \u0161tvorcov\u00fd form\u00e1t 30 x 30 cm. Ka\u017ed\u00fd autor je povinn\u00fd ozna\u010di\u0165 svoje s\u00fa\u0165a\u017en\u00e9 fotografie na rube identifika\u010dn\u00fdm \u0161t\u00edtkom \u2013 textom, ktor\u00fd je s\u00fa\u010das\u0165ou prihl\u00e1\u0161ky (\u0161t\u00edtky si vygenerujete v syst\u00e9me po vyplnen\u00ed prihl\u00e1\u0161ky).<\/p>\n<p style=\"text-align: justify;\">V kateg\u00f3rii samostatn\u00e9 fotografie je limit pre jednotliv\u00e9 fotografick\u00e9 diela maxim\u00e1lne 4 fotografie. Limit pre kateg\u00f3riu diptych s\u00fa maxim\u00e1lne dve dvojice fotografi\u00ed, teda maxim\u00e1lne 4 fotografie. V kateg\u00f3rii cykly a seri\u00e1ly je mo\u017en\u00e9 prihl\u00e1si\u0165 len jeden s\u00fabor, ktor\u00e9ho obsahom s\u00fa minim\u00e1lne 3 a maxim\u00e1lne 5 fotografi\u00ed obsahovo i form\u00e1lne jednotn\u00fdch. V kateg\u00f3rii experiment je mo\u017en\u00e9 prihl\u00e1si\u0165 len jeden s\u00fabor, ktor\u00fd m\u00f4\u017ee obsahova\u0165 maxim\u00e1lne 10 fotografi\u00ed.<\/p>\n<p style=\"text-align: justify;\">Bli\u017e\u0161ie inform\u00e1cie n\u00e1jdete na webe Krajsk\u00e9ho kult\u00farneho strediska v \u017diline:<strong> <a href=\"https:\/\/krkszilina.sk\/2022\/12\/16\/pozvanka-do-sutaze-amfo-2023\/\">https:\/\/krkszilina.sk\/2022\/12\/16\/pozvanka-do-sutaze-amfo-2023\/<\/a> <\/strong>a v propoz\u00edci\u00e1ch s\u00fa\u0165a\u017ee.<\/p>\n","protected":false},"excerpt":{"rendered":"<p>Krajsk\u00e9 kult\u00farne stredisko v \u017diline v\u00e1s poz\u00fdva do s\u00fa\u0165a\u017ee neprofesion\u00e1lnej fotografickej tvorby AMFO 2023 Vyhlasovate\u013e: N\u00e1rodn\u00e9 osvetov\u00e9 centrum (NOC) Bratislava Organiz\u00e1tor:\u00a0 Krajsk\u00e9 kult\u00farne stredisko (KrKS) v \u017dilinev zria\u010fovate\u013eskej p\u00f4sobnosti \u017dilinsk\u00e9ho samospr\u00e1vneho kraja Uz\u00e1vierka prihl\u00e1\u0161ok: 18. janu\u00e1r 2023 D\u00e1tum konania vernis\u00e1\u017ee: 2. febru\u00e1r 2023 o 16:30 Trvanie v\u00fdstavy: 3. \u2013 28. febru\u00e1r 2023 Miesto konania: Krajsk\u00e1 &#8230; <a title=\"AMFO 2023\" class=\"read-more\" href=\"https:\/\/www.krajskakniznicazilina.sk\/index.php\/2022\/12\/20\/amfo-2023\/\" aria-label=\"Pre\u010d\u00edtajte si viac o AMFO 2023\">\u010c\u00edta\u0165 viac<\/a><\/p>\n","protected":false},"author":1,"featured_media":0,"comment_status":"open","ping_status":"open","sticky":false,"template":"","format":"image","meta":{"footnotes":""},"categories":[27,16],"tags":[],"class_list":["post-10513","post","type-post","status-publish","format-image","hentry","category-pozvanka-z-regionov","category-sutaz","post_format-post-format-image"],"_links":{"self":[{"href":"https:\/\/www.krajskakniznicazilina.sk\/index.php\/wp-json\/wp\/v2\/posts\/10513","targetHints":{"allow":["GET"]}}],"collection":[{"href":"https:\/\/www.krajskakniznicazilina.sk\/index.php\/wp-json\/wp\/v2\/posts"}],"about":[{"href":"https:\/\/www.krajskakniznicazilina.sk\/index.php\/wp-json\/wp\/v2\/types\/post"}],"author":[{"embeddable":true,"href":"https:\/\/www.krajskakniznicazilina.sk\/index.php\/wp-json\/wp\/v2\/users\/1"}],"replies":[{"embeddable":true,"href":"https:\/\/www.krajskakniznicazilina.sk\/index.php\/wp-json\/wp\/v2\/comments?post=10513"}],"version-history":[{"count":3,"href":"https:\/\/www.krajskakniznicazilina.sk\/index.php\/wp-json\/wp\/v2\/posts\/10513\/revisions"}],"predecessor-version":[{"id":10516,"href":"https:\/\/www.krajskakniznicazilina.sk\/index.php\/wp-json\/wp\/v2\/posts\/10513\/revisions\/10516"}],"wp:attachment":[{"href":"https:\/\/www.krajskakniznicazilina.sk\/index.php\/wp-json\/wp\/v2\/media?parent=10513"}],"wp:term":[{"taxonomy":"category","embeddable":true,"href":"https:\/\/www.krajskakniznicazilina.sk\/index.php\/wp-json\/wp\/v2\/categories?post=10513"},{"taxonomy":"post_tag","embeddable":true,"href":"https:\/\/www.krajskakniznicazilina.sk\/index.php\/wp-json\/wp\/v2\/tags?post=10513"}],"curies":[{"name":"wp","href":"https:\/\/api.w.org\/{rel}","templated":true}]}}