{"id":10546,"date":"2023-03-09T07:03:00","date_gmt":"2023-03-09T06:03:00","guid":{"rendered":"https:\/\/www.krajskakniznicazilina.sk\/?p=10546"},"modified":"2023-03-15T08:54:41","modified_gmt":"2023-03-15T07:54:41","slug":"bibliorelax-4","status":"publish","type":"post","link":"https:\/\/www.krajskakniznicazilina.sk\/index.php\/2023\/03\/09\/bibliorelax-4\/","title":{"rendered":"Bibliorelax"},"content":{"rendered":"<p style=\"text-align: justify;\"><a href=\"https:\/\/www.krajskakniznicazilina.sk\/clanky\/2023\/03\/bibliorelax 3.jpg\"><img decoding=\"async\" class=\"size-full alignleft\" src=\"https:\/\/www.krajskakniznicazilina.sk\/clanky\/2023\/03\/bibliorelax 3.jpg\" width=\"40%\" height=\"40%\" \/><\/a>Poz\u00fdvame v\u0161etk\u00fdch \u010ditate\u013eov na klubov\u00e9 stretnutie Bibliorelaxu <strong>23. marca o 13:00<\/strong> \u2013 relaxa\u010dn\u00e9 stretnutie s knihou a hudbou. Na tomto stretnut\u00ed sa porozpr\u00e1vame o pozit\u00edvnom myslen\u00ed.<\/p>\n<p style=\"text-align: justify;\">Po\u010det \u00fa\u010dastn\u00edkov je obmedzen\u00fd, preto je potrebn\u00e9<strong>\u00a0prihl\u00e1si\u0165 sa vopred\u00a0<\/strong>na e-mail:<strong><a href=\"mailto:sluzby@krajskakniznicazilina.sk\">sluzby@krajskakniznicazilina.sk<\/a><\/strong><\/p>\n","protected":false},"excerpt":{"rendered":"<p>Poz\u00fdvame v\u0161etk\u00fdch \u010ditate\u013eov na klubov\u00e9 stretnutie Bibliorelaxu 23. marca o 13:00 \u2013 relaxa\u010dn\u00e9 stretnutie s knihou a hudbou. Na tomto stretnut\u00ed sa porozpr\u00e1vame o pozit\u00edvnom myslen\u00ed. Po\u010det \u00fa\u010dastn\u00edkov je obmedzen\u00fd, preto je potrebn\u00e9\u00a0prihl\u00e1si\u0165 sa vopred\u00a0na e-mail:sluzby@krajskakniznicazilina.sk<\/p>\n","protected":false},"author":1,"featured_media":0,"comment_status":"open","ping_status":"open","sticky":false,"template":"","format":"image","meta":{"footnotes":""},"categories":[23,12],"tags":[],"class_list":["post-10546","post","type-post","status-publish","format-image","hentry","category-klub","category-podujatie","post_format-post-format-image"],"_links":{"self":[{"href":"https:\/\/www.krajskakniznicazilina.sk\/index.php\/wp-json\/wp\/v2\/posts\/10546","targetHints":{"allow":["GET"]}}],"collection":[{"href":"https:\/\/www.krajskakniznicazilina.sk\/index.php\/wp-json\/wp\/v2\/posts"}],"about":[{"href":"https:\/\/www.krajskakniznicazilina.sk\/index.php\/wp-json\/wp\/v2\/types\/post"}],"author":[{"embeddable":true,"href":"https:\/\/www.krajskakniznicazilina.sk\/index.php\/wp-json\/wp\/v2\/users\/1"}],"replies":[{"embeddable":true,"href":"https:\/\/www.krajskakniznicazilina.sk\/index.php\/wp-json\/wp\/v2\/comments?post=10546"}],"version-history":[{"count":9,"href":"https:\/\/www.krajskakniznicazilina.sk\/index.php\/wp-json\/wp\/v2\/posts\/10546\/revisions"}],"predecessor-version":[{"id":11045,"href":"https:\/\/www.krajskakniznicazilina.sk\/index.php\/wp-json\/wp\/v2\/posts\/10546\/revisions\/11045"}],"wp:attachment":[{"href":"https:\/\/www.krajskakniznicazilina.sk\/index.php\/wp-json\/wp\/v2\/media?parent=10546"}],"wp:term":[{"taxonomy":"category","embeddable":true,"href":"https:\/\/www.krajskakniznicazilina.sk\/index.php\/wp-json\/wp\/v2\/categories?post=10546"},{"taxonomy":"post_tag","embeddable":true,"href":"https:\/\/www.krajskakniznicazilina.sk\/index.php\/wp-json\/wp\/v2\/tags?post=10546"}],"curies":[{"name":"wp","href":"https:\/\/api.w.org\/{rel}","templated":true}]}}