{"id":10807,"date":"2023-02-03T07:01:19","date_gmt":"2023-02-03T06:01:19","guid":{"rendered":"https:\/\/www.krajskakniznicazilina.sk\/?p=10807"},"modified":"2023-02-03T09:01:11","modified_gmt":"2023-02-03T08:01:11","slug":"literarne-kosice","status":"publish","type":"post","link":"https:\/\/www.krajskakniznicazilina.sk\/index.php\/2023\/02\/03\/literarne-kosice\/","title":{"rendered":"Liter\u00e1rne Ko\u0161ice"},"content":{"rendered":"<p style=\"text-align: justify;\"><strong><a href=\"https:\/\/www.krajskakniznicazilina.sk\/clanky\/2023\/02\/LK-plag%C3%A1t-2023.png\"><img decoding=\"async\" class=\"alignleft size-full\" src=\"https:\/\/www.krajskakniznicazilina.sk\/clanky\/2023\/02\/LK-plag%C3%A1t-2023.png\" width=\"30%\" height=\"30%\" \/><\/a>Kni\u017enica pre ml\u00e1de\u017e mesta Ko\u0161ice vyhlasuje 28. ro\u010dn\u00edk liter\u00e1rnej s\u00fa\u0165a\u017ee pre mlad\u00fdch autorov Liter\u00e1rne Ko\u0161ice. S\u00fa\u0165a\u017e sa ka\u017edoro\u010dne venuje h\u013eadaniu talentov medzi \u017eiakmi 5. &#8211; 9. ro\u010dn\u00edka z\u00e1kladn\u00fdch \u0161k\u00f4l a\u00a0\u0161tudentmi 1. &#8211; 4. ro\u010dn\u00edka osemro\u010dn\u00fdch gymn\u00e1zi\u00ed. <\/strong><\/p>\n<p style=\"text-align: justify;\"><strong>\u00a0<\/strong><strong>Liter\u00e1rna s\u00fa\u0165a\u017e kni\u017enice je medzi ml\u00e1de\u017eou ob\u013e\u00faben\u00e1<\/strong><\/p>\n<p style=\"text-align: justify;\">To, \u017ee je s\u00fa\u0165a\u017e ob\u013e\u00faben\u00e1 potvrdzuj\u00fa \u010d\u00edsla. \u201eKa\u017ed\u00fd rok de\u0165om, takto za\u010diatkom roka, pon\u00fakneme tri in\u0161pirat\u00edvne t\u00e9my, ktor\u00fdm m\u00f4\u017eu venova\u0165 svoje liter\u00e1rne pr\u00e1ce. Je na nich, \u010di bud\u00fa v\u00a0po\u00e9zii, alebo\u00a0v\u00a0pr\u00f3ze. S\u00e1m s\u00fa\u0165a\u017eiaci uprednostn\u00ed to, k\u00a0\u010domu viac inklinuje. M\u00e1me v\u0161ak sk\u00fasenos\u0165, \u017ee b\u00fdva to sk\u00f4r pr\u00f3za. Predo\u0161l\u00fd ro\u010dn\u00edk sa zapojilo svojimi s\u00fa\u0165a\u017en\u00fdmi pr\u00e1cami a\u017e 458 \u017eiakov a\u00a0a\u017e 311 z\u00a0nich uprednostnilo pr\u00f3zu. Konkr\u00e9tne naj-t\u00e9mou sa stala Z\u00e1hadn\u00e1 tv\u00e1r na fotke \u201c hovor\u00ed Kamila Prextov\u00e1, riadite\u013eka kni\u017enice.<!--more--><\/p>\n<p style=\"text-align: justify;\"><strong>T\u00e9my roku 2023<\/strong><\/p>\n<p style=\"text-align: justify;\">Nov\u00fdmi t\u00e9mami, ktor\u00e9 odporu\u010dila Mark\u00e9ta Andri\u010d\u00edkov\u00e1, \u010dlenka hodnotiacej poroty, s\u00fa <strong>M\u00f4j detekt\u00edvny z\u00e1pisn\u00edk, Najkraj\u0161ia rozpr\u00e1vka m\u00f4jho detstva a\u00a0Kam sa podela moja slu\u0161n\u00e1 v\u00fdchova?<\/strong> \u201eV\u0161etky s\u00fa\u0165a\u017en\u00e9 pr\u00e1ce post\u00fapime odbornej porote, ktor\u00e1 udel\u00ed ceny, pre ka\u017ed\u00fa kateg\u00f3riu i\u00a0t\u00e9mu. V\u00fdsledky potom ofici\u00e1lne vyhl\u00e1sime v\u00a0r\u00e1mci osl\u00e1v D\u0148a mesta Ko\u0161ice, 11. m\u00e1ja 2023 v\u00a0pobo\u010dke LitPark. A v\u00ed\u0165azn\u00e9 pr\u00e1ce si ocenen\u00ed autori nesk\u00f4r n\u00e1jdu v\u00a0kni\u017enicou vyd\u00e1vanom zborn\u00edku Liter\u00e1rne Ko\u0161ice,\u201c dod\u00e1va Kamila Prextov\u00e1 s\u00a0t\u00fdm, \u017ee pravidl\u00e1 s\u00fa\u0165a\u017ee s\u00fa dostupn\u00e9 na webovej str\u00e1nke kni\u017enice <a href=\"http:\/\/www.kosicekmk.sk\">www.kosicekmk.sk<\/a> a posledn\u00fdm mo\u017en\u00fdm term\u00ednom na poslanie pr\u00e1c je <strong>10. marec 2023.\u00a0 <\/strong><\/p>\n","protected":false},"excerpt":{"rendered":"<p>Kni\u017enica pre ml\u00e1de\u017e mesta Ko\u0161ice vyhlasuje 28. ro\u010dn\u00edk liter\u00e1rnej s\u00fa\u0165a\u017ee pre mlad\u00fdch autorov Liter\u00e1rne Ko\u0161ice. S\u00fa\u0165a\u017e sa ka\u017edoro\u010dne venuje h\u013eadaniu talentov medzi \u017eiakmi 5. &#8211; 9. ro\u010dn\u00edka z\u00e1kladn\u00fdch \u0161k\u00f4l a\u00a0\u0161tudentmi 1. &#8211; 4. ro\u010dn\u00edka osemro\u010dn\u00fdch gymn\u00e1zi\u00ed. \u00a0Liter\u00e1rna s\u00fa\u0165a\u017e kni\u017enice je medzi ml\u00e1de\u017eou ob\u013e\u00faben\u00e1 To, \u017ee je s\u00fa\u0165a\u017e ob\u013e\u00faben\u00e1 potvrdzuj\u00fa \u010d\u00edsla. \u201eKa\u017ed\u00fd rok de\u0165om, takto za\u010diatkom &#8230; <a title=\"Liter\u00e1rne Ko\u0161ice\" class=\"read-more\" href=\"https:\/\/www.krajskakniznicazilina.sk\/index.php\/2023\/02\/03\/literarne-kosice\/\" aria-label=\"Pre\u010d\u00edtajte si viac o Liter\u00e1rne Ko\u0161ice\">\u010c\u00edta\u0165 viac<\/a><\/p>\n","protected":false},"author":1,"featured_media":0,"comment_status":"open","ping_status":"open","sticky":false,"template":"","format":"image","meta":{"footnotes":""},"categories":[27],"tags":[],"class_list":["post-10807","post","type-post","status-publish","format-image","hentry","category-pozvanka-z-regionov","post_format-post-format-image"],"_links":{"self":[{"href":"https:\/\/www.krajskakniznicazilina.sk\/index.php\/wp-json\/wp\/v2\/posts\/10807","targetHints":{"allow":["GET"]}}],"collection":[{"href":"https:\/\/www.krajskakniznicazilina.sk\/index.php\/wp-json\/wp\/v2\/posts"}],"about":[{"href":"https:\/\/www.krajskakniznicazilina.sk\/index.php\/wp-json\/wp\/v2\/types\/post"}],"author":[{"embeddable":true,"href":"https:\/\/www.krajskakniznicazilina.sk\/index.php\/wp-json\/wp\/v2\/users\/1"}],"replies":[{"embeddable":true,"href":"https:\/\/www.krajskakniznicazilina.sk\/index.php\/wp-json\/wp\/v2\/comments?post=10807"}],"version-history":[{"count":2,"href":"https:\/\/www.krajskakniznicazilina.sk\/index.php\/wp-json\/wp\/v2\/posts\/10807\/revisions"}],"predecessor-version":[{"id":10809,"href":"https:\/\/www.krajskakniznicazilina.sk\/index.php\/wp-json\/wp\/v2\/posts\/10807\/revisions\/10809"}],"wp:attachment":[{"href":"https:\/\/www.krajskakniznicazilina.sk\/index.php\/wp-json\/wp\/v2\/media?parent=10807"}],"wp:term":[{"taxonomy":"category","embeddable":true,"href":"https:\/\/www.krajskakniznicazilina.sk\/index.php\/wp-json\/wp\/v2\/categories?post=10807"},{"taxonomy":"post_tag","embeddable":true,"href":"https:\/\/www.krajskakniznicazilina.sk\/index.php\/wp-json\/wp\/v2\/tags?post=10807"}],"curies":[{"name":"wp","href":"https:\/\/api.w.org\/{rel}","templated":true}]}}