{"id":10837,"date":"2023-02-09T14:35:26","date_gmt":"2023-02-09T13:35:26","guid":{"rendered":"https:\/\/www.krajskakniznicazilina.sk\/?p=10837"},"modified":"2023-02-10T07:44:06","modified_gmt":"2023-02-10T06:44:06","slug":"cinnost-krajskej-kniznice-v-ziline-za-rok-2022","status":"publish","type":"post","link":"https:\/\/www.krajskakniznicazilina.sk\/index.php\/2023\/02\/09\/cinnost-krajskej-kniznice-v-ziline-za-rok-2022\/","title":{"rendered":"\u010cinnos\u0165 Krajskej kni\u017enice v \u017diline za rok 2022"},"content":{"rendered":"<p style=\"text-align: justify;\"><a href=\"https:\/\/www.krajskakniznicazilina.sk\/menu\/okniz\/kkza21.JPG\"><img decoding=\"async\" class=\"alignleft size-full\" src=\"https:\/\/www.krajskakniznicazilina.sk\/menu\/okniz\/kkza21.JPG\" width=\"30%\" height=\"30%\" \/><\/a>Dlhoro\u010dn\u00ed n\u00e1v\u0161tevn\u00edci krajskej kni\u017enice, ako aj t\u00ed, ktor\u00ed potrebovali knihy alebo in\u00e9 informa\u010dn\u00e9 zdroje a spomenuli sa na pr\u00edtomnos\u0165 zelenej budovy na Ul. A. Bernol\u00e1ka, sa ur\u010dite pote\u0161ili \u201enorm\u00e1lnemu chodu\u201c kni\u017enice. Po v\u00e1hav\u00fdch prv\u00fdch mesiacoch roka, spojen\u00fdch s protiepidemiologick\u00fdmi opatreniami kni\u017enica naplno a bez obmedzen\u00ed spr\u00edstup\u0148ovala svoje priestory n\u00e1v\u0161tevn\u00edkom v\u00e4\u010d\u0161inu roka. Skon\u010dila sa \u00e9ra, ktor\u00e1 ochromila dianie vo v\u0161etk\u00fdch kult\u00farnych in\u0161tit\u00faci\u00e1ch a kni\u017enica vst\u00fapila do lep\u0161ej etapy svojej \u010dinnosti.<!--more--><\/p>\n<p style=\"text-align: justify;\">Priazniv\u00e9 podmienky sa prejavili na \u010d\u00edslach, ktor\u00e9 kni\u017enica ka\u017ed\u00fd rok vyhodnocuje a porovn\u00e1va. V porovnan\u00ed s predch\u00e1dzaj\u00facim rokom samozrejme st\u00fapol po\u010det \u010ditate\u013eov aj n\u00e1v\u0161tevn\u00edkov kni\u017enice, vzr\u00e1stol po\u010det v\u00fdpo\u017ei\u010diek. \u010citate\u013esk\u00fd preukaz si zalo\u017eilo 9 055 \u010ditate\u013eov, ktor\u00ed tak z\u00edskali \u201epriepustku\u201c ku kni\u017eni\u010dn\u00fdm slu\u017eb\u00e1m na 365 dn\u00ed. K nim je mo\u017en\u00e9 pripo\u010d\u00edta\u0165 aj 1 974 \u010ditate\u013eov, ktor\u00ed vlastnili platn\u00fd \u010ditate\u013esk\u00fd preukaz u\u017e z predch\u00e1dzaj\u00faceho roka a v r. 2022 kni\u017enicu nav\u0161t\u00edvili. Celkovo tak kni\u017enica obsl\u00fa\u017eila 11 029 unik\u00e1tnych os\u00f4b. Ak sa V\u00e1m to zd\u00e1 m\u00e1lo a m\u00e1te pocit, \u017ee niekedy je kni\u017enica \u201epreplnen\u00e1\u201c, knihovn\u00edci eviduj\u00fa aj n\u00e1v\u0161tevn\u00edkov. Jeden \u010ditate\u013e priemerne nav\u0161t\u00edvi kni\u017enicu takmer 11 kr\u00e1t do roka. Navy\u0161e takmer 15 tis\u00edc os\u00f4b pri\u0161lo do kni\u017enice z d\u00f4vodu \u00fa\u010dasti na podujatiach \u010di klubovej \u010dinnosti. \u010eal\u0161\u00edch takmer tis\u00edc \u013eud\u00ed pri\u0161lo cielene nav\u0161t\u00edvi\u0165 kni\u017eni\u010dn\u00e9 v\u00fdstavy, ktor\u00e9 si samozrejme m\u00f4\u017ee pozrie\u0165 ka\u017ed\u00fd n\u00e1v\u0161tevn\u00edk kni\u017enice aj popri vyh\u013ead\u00e1van\u00ed kn\u00edh.<\/p>\n<p style=\"text-align: justify;\">\u010co e\u0161te prezradila kni\u017eni\u010dn\u00e1 \u0161tatistika? Z 9 055 \u010ditate\u013eov bolo pribli\u017ene 3 000 do 15 rokov, tak\u017ee jedna tretina. Vekovo po\u010detnou skupinou boli aj \u010ditatelia medzi 20 &#8211; 29 rokom \u017eivota (a za \u0148ou skupina 39 &#8211; 40 rokov) a tu sa odzrkadlilo aj zast\u00fapenie vysoko\u0161kolsk\u00fdch \u0161tudentov, ktor\u00ed tvorili 10 % \u010ditate\u013eov. Do kni\u017enice prich\u00e1dzalo ve\u013ea mlad\u00fdch rod\u00edn s de\u0165mi, \u010do knihovn\u00edci vidia ve\u013emi radi &#8211; je n\u00e1dej, \u017ee \u010d\u00edta\u0165 bude aj nastupuj\u00faca gener\u00e1cia. Kni\u017enica im vy\u0161la v \u00fastrety zv\u00fdhodnen\u00fdm, tzv. rodinn\u00fdm preukazom, vyu\u017eilo ho 1 659 os\u00f4b. Knihovn\u00edci boli z\u00e1rove\u0148 pov\u010fa\u010dn\u00ed ka\u017ed\u00e9mu pedag\u00f3govi, ktor\u00fd priviedol svojich \u017eiakov a \u0161tudentov do kni\u017enice.<\/p>\n<p style=\"text-align: justify;\">Tradi\u010dn\u00fdmi n\u00e1v\u0161tevn\u00edkmi kni\u017enice s\u00fa star\u0161\u00ed \u013eudia a d\u00f4chodcovia. Pod\u013ea vekovej \u0161trukt\u00fary t\u00ed, ktor\u00ed mali nad 60 rokov, predstavovali 11,5 %. Traja najstar\u0161\u00ed \u010ditatelia mali rok narodenia 1930. Kni\u017enica d\u00f4chodcom pon\u00faka zv\u00fdhodnen\u00fd registra\u010dn\u00fd poplatok, obdobne osob\u00e1m so zdravotn\u00fdm postihnut\u00edm, ktor\u00fdch sa zaregistrovalo v kni\u017enici viac ako 400. Medzi \u013eu\u010fmi, ktor\u00ed maj\u00fa z\u00e1va\u017en\u00fd zdravotn\u00fd probl\u00e9m, boli v ob\u013eube zvukov\u00e9 knihy s nahr\u00e1vkami r\u00f4znych \u017e\u00e1nrov, najm\u00e4 zn\u00e1mych rom\u00e1nov.<\/p>\n<p style=\"text-align: justify;\">V\u0161eobecne sa vie, \u017ee \u010d\u00edtaj\u00fa viac \u017eeny ako mu\u017ei, v kni\u017enici sa ich zaevidovalo a\u017e 66 %. Najakt\u00edvnej\u0161\u00ed \u010ditate\u013e v\u0161ak bol mu\u017e a v priebehu roka si po\u017ei\u010dal v kni\u017enici 313 kn\u00edh.<\/p>\n<p style=\"text-align: justify;\">Po\u010det dokumentov (najm\u00e4 kn\u00edh, \u010dasopisov), ktor\u00e9 si \u010ditatelia po\u017ei\u010dali v kni\u017enici alebo odniesli so sebou bol 373 077. Naj\u010d\u00edtanej\u0161\u00edm autorom bol Dominik D\u00e1n, spomedzi detsk\u00fdch kn\u00edh viedol Denn\u00edk odv\u00e1\u017eneho bojka a hrdinom \u010d\u00edslo 1 ost\u00e1va Harry Potter. St\u00e1le je ve\u013ek\u00fd z\u00e1ujem o detekt\u00edvky, z popul\u00e1rno-n\u00e1u\u010dnej literat\u00fary o motiva\u010dn\u00e9 knihy, ktor\u00e9 boli \u010dasto aj v ponuke predajcov kn\u00edh, obdobne ako \u017eivotopisy zn\u00e1mych osobnost\u00ed. \u017deny (ale nielen ony) \u010dasto siahali po knih\u00e1ch od slovensk\u00fdch autoriek. Takmer 400 dokumentov kni\u017enica po\u017ei\u010dala pre svojich \u010ditate\u013eov alebo naopak pre \u010ditate\u013eov in\u00fdch kni\u017en\u00edc cestou medzikni\u017eni\u010dnej v\u00fdpo\u017ei\u010dnej slu\u017eby. Na po\u017eiadanie vypracovala 339 re\u0161er\u0161\u00ed z dom\u00e1cich aj zahrani\u010dn\u00fdch informa\u010dn\u00fdch zdrojov. V oblasti re\u0161er\u0161nej \u010dinnosti uv\u00edtala spolupr\u00e1cu s Centrom vedecko-technick\u00fdch inform\u00e1ci\u00ed v Bratislave, v r\u00e1mci ktorej priniesla \u0161tudentom a in\u00fdm z\u00e1ujemcom inform\u00e1cie z mnoh\u00fdch cenn\u00fdch a overen\u00fdch datab\u00e1z.<\/p>\n<p style=\"text-align: justify;\">Kni\u017enica pre svojich \u010ditate\u013eov z\u00edskala okrem dennej tla\u010de a \u010dasopisov 4 779 kn\u00edh, niektor\u00e9 aj v\u010faka darom od obyvate\u013eov a in\u0161tit\u00faci\u00ed. Cena nak\u00fapen\u00fdch kn\u00edh bola r\u00f4zna, najdrah\u0161ie st\u00e1li nad 50 &#8211; 60 \u20ac, dobrou k\u00fapou bolo 300 kn\u00edh po 1,10 \u20ac.<\/p>\n<p style=\"text-align: justify;\">Mnoho zauj\u00edmav\u00fdch detsk\u00fdch kn\u00edh, ktor\u00e9 knihovn\u00edkov a \u010ditate\u013eov zaujali, sa venovalo pocitom detsk\u00e9ho sm\u00fatku, r\u00f4znorodosti, hnevu. Najm\u00e4 detsk\u00fdm n\u00e1v\u0161tevn\u00edkom boli ur\u010den\u00e9 nov\u00e9 spolo\u010densk\u00e9 hry a sady microbitov \u010di m-botov, na ktor\u00fdch sa u\u010dili programova\u0165 v detsk\u00fdch kolekt\u00edvoch. Niekedy dokonca v spolo\u010dnosti svojich star\u00fdch rodi\u010dov. Z nekni\u017en\u00fdch dokumentov mo\u017eno niekomu uspokoj\u00ed \u0161peci\u00e1lnu po\u017eiadavku 10 z\u00edskan\u00fdch u\u010debn\u00edc s CD holand\u010diny pre cudzincov.<\/p>\n<p style=\"text-align: justify;\">V s\u00favislosti s konfliktom na Ukrajine je zauj\u00edmavos\u0165ou 31 kn\u00edh v ukrajin\u010dine, ktor\u00e9 kni\u017enica z\u00edskala od vydavate\u013estva Artforum ako dar.<\/p>\n<p style=\"text-align: justify;\">Ak\u00e9 novinky kni\u017enica v priebehu roka 2022 pre svojich \u010ditate\u013eov pripravila? U\u017e za\u010diatkom roka si mohli v\u0161etci akt\u00edvni \u010ditatelia stiahnu\u0165 do svojich mobilov digit\u00e1lne preukazy s aktu\u00e1lnymi preh\u013eadmi v\u00fdpo\u017ei\u010diek a spr\u00e1vami z kni\u017enice. N\u00e1sledne im kni\u017enica zabezpe\u010dila bezplatn\u00fd pr\u00edstup k datab\u00e1ze detsk\u00fdch kn\u00edh na internete KUBO. Pre svojich \u010ditate\u013eov zak\u00fapila \u010fal\u0161ie bal\u00ed\u010dky e-v\u00fdpo\u017ei\u010diek z datab\u00e1zy Palmknihy.cz.<\/p>\n<p style=\"text-align: justify;\">Takmer p\u00e4tina n\u00e1v\u0161tevn\u00edkov neprich\u00e1dzala do kni\u017enice prioritne za v\u00fdpo\u017ei\u010dkami kn\u00edh, ale za aktivitami, ktor\u00e9 pre ne knihovn\u00edci alebo ich hostia pripravili. Konalo sa vy\u0161e 770 podujat\u00ed pre r\u00f4zne z\u00e1ujmov\u00e9 a vekov\u00e9 skupiny, mnoh\u00ed n\u00e1v\u0161tevn\u00edci sa vracali na kontinu\u00e1lne aktivity ako \u010dlenovia klubov, napr. nov\u00e9ho \u0161achov\u00e9ho klubu a klubu fantastiky, tr\u00e9ningov pam\u00e4ti, tvoriv\u00e9ho klubu, bibliorelaxu a p.<\/p>\n<p style=\"text-align: justify;\">Okrem spom\u00ednan\u00fdch kurzov v programovan\u00ed pribudli kurzy pre seniorov, ktor\u00ed sa u\u010dili z\u00e1klady po\u010d\u00edta\u010dov\u00fdch zru\u010dnost\u00ed v r\u00e1mci spolupr\u00e1ce s N\u00e1rodnou koal\u00edciou pre digit\u00e1lne zru\u010dnosti a povolania Slovenskej republiky.<\/p>\n<p style=\"text-align: justify;\">Rozvinula sa spolupr\u00e1ca s Americkou ambas\u00e1dou, ktor\u00e1 priniesla nov\u00e9 aktivity a posilnenie fondu kn\u00edh v anglickom jazyku. V liter\u00e1rnom parku pribudli nov\u00e9 exteri\u00e9rov\u00e9 prvky (aj v\u010faka podpore Nad\u00e1cie Milana Dubca), posilnil sa jeho komunitn\u00fd charakter. Vytvoril sa z\u00e1klad pre semienk\u00e1re\u0148, ktor\u00e1 poskytuje semienka na v\u00fdmenu pre milovn\u00edkov z\u00e1hradk\u00e1r\u010denia. Knihovn\u00edci rozv\u00e1\u017eali vyraden\u00e9 knihy alebo knihy z\u00edskan\u00e9 od \u010ditate\u013eov svojim partnerom (\u00daPSVaR, plav\u00e1re\u0148, \u017eelezni\u010dn\u00e1 stanica, kadern\u00edctva, ambulancie lek\u00e1rov a i.), ktor\u00ed ich spr\u00edstup\u0148ovali v r\u00e1mci aktivity N\u00e1jdi knihe druh\u00fd domov. Kni\u017enica posilnila tvorbu podcastov, vznikali nov\u00e9 pr\u00edspevky v kni\u017eni\u010dnom blogu. Ako \u010dlen konzorcia Kni\u017enice Slovenska pripravila na digitaliz\u00e1ciu region\u00e1lne periodik\u00e1.<\/p>\n<p style=\"text-align: justify;\">\u00daspe\u0161n\u00e1 bola aj projektov\u00e1 \u010dinnos\u0165, \u017dilin\u010dania sa napr. mohli oboznamova\u0165 so \u017eilinsk\u00fdmi osobnos\u0165ami a rod\u00e1kmi v r\u00e1mci projektu Osobnosti mesta na pravideln\u00fdch v\u00fdstav\u00e1ch. Napriek tomu, \u017ee kni\u017enica registrovala \u010ditate\u013eov z cel\u00e9ho Slovenska, prioritne sl\u00fa\u017eila obyvate\u013eom \u017diliny, okolit\u00e9ho regi\u00f3nu a \u013eu\u010fom, pre ktor\u00fdch je ka\u017edodennou s\u00fa\u010das\u0165ou \u017eivota. Knihovn\u00edci \u010fakuj\u00fa v\u0161etk\u00fdm n\u00e1v\u0161tevn\u00edkom za priaze\u0148.<\/p>\n<p style=\"text-align: justify;\">Zuzana Mjartanov\u00e1,\u00a0ved\u00faca Oddelenia kni\u017eni\u010dno-informa\u010dn\u00fdch slu\u017eieb<\/p>\n","protected":false},"excerpt":{"rendered":"<p>Dlhoro\u010dn\u00ed n\u00e1v\u0161tevn\u00edci krajskej kni\u017enice, ako aj t\u00ed, ktor\u00ed potrebovali knihy alebo in\u00e9 informa\u010dn\u00e9 zdroje a spomenuli sa na pr\u00edtomnos\u0165 zelenej budovy na Ul. A. Bernol\u00e1ka, sa ur\u010dite pote\u0161ili \u201enorm\u00e1lnemu chodu\u201c kni\u017enice. Po v\u00e1hav\u00fdch prv\u00fdch mesiacoch roka, spojen\u00fdch s protiepidemiologick\u00fdmi opatreniami kni\u017enica naplno a bez obmedzen\u00ed spr\u00edstup\u0148ovala svoje priestory n\u00e1v\u0161tevn\u00edkom v\u00e4\u010d\u0161inu roka. Skon\u010dila sa \u00e9ra, ktor\u00e1 &#8230; <a title=\"\u010cinnos\u0165 Krajskej kni\u017enice v \u017diline za rok 2022\" class=\"read-more\" href=\"https:\/\/www.krajskakniznicazilina.sk\/index.php\/2023\/02\/09\/cinnost-krajskej-kniznice-v-ziline-za-rok-2022\/\" aria-label=\"Pre\u010d\u00edtajte si viac o \u010cinnos\u0165 Krajskej kni\u017enice v \u017diline za rok 2022\">\u010c\u00edta\u0165 viac<\/a><\/p>\n","protected":false},"author":1,"featured_media":0,"comment_status":"open","ping_status":"open","sticky":false,"template":"","format":"image","meta":{"footnotes":""},"categories":[19],"tags":[],"class_list":["post-10837","post","type-post","status-publish","format-image","hentry","category-tlacova-sprava","post_format-post-format-image"],"_links":{"self":[{"href":"https:\/\/www.krajskakniznicazilina.sk\/index.php\/wp-json\/wp\/v2\/posts\/10837","targetHints":{"allow":["GET"]}}],"collection":[{"href":"https:\/\/www.krajskakniznicazilina.sk\/index.php\/wp-json\/wp\/v2\/posts"}],"about":[{"href":"https:\/\/www.krajskakniznicazilina.sk\/index.php\/wp-json\/wp\/v2\/types\/post"}],"author":[{"embeddable":true,"href":"https:\/\/www.krajskakniznicazilina.sk\/index.php\/wp-json\/wp\/v2\/users\/1"}],"replies":[{"embeddable":true,"href":"https:\/\/www.krajskakniznicazilina.sk\/index.php\/wp-json\/wp\/v2\/comments?post=10837"}],"version-history":[{"count":4,"href":"https:\/\/www.krajskakniznicazilina.sk\/index.php\/wp-json\/wp\/v2\/posts\/10837\/revisions"}],"predecessor-version":[{"id":10841,"href":"https:\/\/www.krajskakniznicazilina.sk\/index.php\/wp-json\/wp\/v2\/posts\/10837\/revisions\/10841"}],"wp:attachment":[{"href":"https:\/\/www.krajskakniznicazilina.sk\/index.php\/wp-json\/wp\/v2\/media?parent=10837"}],"wp:term":[{"taxonomy":"category","embeddable":true,"href":"https:\/\/www.krajskakniznicazilina.sk\/index.php\/wp-json\/wp\/v2\/categories?post=10837"},{"taxonomy":"post_tag","embeddable":true,"href":"https:\/\/www.krajskakniznicazilina.sk\/index.php\/wp-json\/wp\/v2\/tags?post=10837"}],"curies":[{"name":"wp","href":"https:\/\/api.w.org\/{rel}","templated":true}]}}