{"id":11051,"date":"2023-04-03T07:06:41","date_gmt":"2023-04-03T05:06:41","guid":{"rendered":"https:\/\/www.krajskakniznicazilina.sk\/?p=11051"},"modified":"2023-03-16T08:49:12","modified_gmt":"2023-03-16T07:49:12","slug":"den-zeme-a-ekologia","status":"publish","type":"post","link":"https:\/\/www.krajskakniznicazilina.sk\/index.php\/2023\/04\/03\/den-zeme-a-ekologia\/","title":{"rendered":"De\u0148 Zeme a ekol\u00f3gia"},"content":{"rendered":"<p style=\"text-align: justify;\"><a href=\"https:\/\/www.krajskakniznicazilina.sk\/clanky\/2023\/04\/ekol%C3%B3gia.jpg\"><img decoding=\"async\" class=\"alignleft size-full\" src=\"https:\/\/www.krajskakniznicazilina.sk\/clanky\/2023\/04\/ekol%C3%B3gia.jpg\" width=\"40%\" height=\"40%\" \/><\/a>V apr\u00edli si pripom\u00edname De\u0148 Zeme. Na podujat\u00ed pre deti <strong>17. apr\u00edla o 10:00<\/strong> sa budeme venova\u0165 probl\u00e9mom ekol\u00f3gie, \u017eivotn\u00e9mu prostrediu, sk\u00fasime h\u013eada\u0165 mo\u017enosti ako lep\u0161ie chr\u00e1ni\u0165 pr\u00edrodu.<\/p>\n<p style=\"text-align: justify;\">Stretnutie b\u00fdva ka\u017ed\u00fd\u00a0<strong>tret\u00ed pondelok v mesiaci o 10:00,\u00a0<\/strong>v\u017edy na in\u00fa t\u00e9mu. Podujatie je ur\u010den\u00e9<strong> pre deti<\/strong> od 5 do 8 rokov <strong>v dom\u00e1com vzdel\u00e1van\u00ed<\/strong>.<\/p>\n","protected":false},"excerpt":{"rendered":"<p>V apr\u00edli si pripom\u00edname De\u0148 Zeme. Na podujat\u00ed pre deti 17. apr\u00edla o 10:00 sa budeme venova\u0165 probl\u00e9mom ekol\u00f3gie, \u017eivotn\u00e9mu prostrediu, sk\u00fasime h\u013eada\u0165 mo\u017enosti ako lep\u0161ie chr\u00e1ni\u0165 pr\u00edrodu. Stretnutie b\u00fdva ka\u017ed\u00fd\u00a0tret\u00ed pondelok v mesiaci o 10:00,\u00a0v\u017edy na in\u00fa t\u00e9mu. Podujatie je ur\u010den\u00e9 pre deti od 5 do 8 rokov v dom\u00e1com vzdel\u00e1van\u00ed.<\/p>\n","protected":false},"author":1,"featured_media":0,"comment_status":"open","ping_status":"open","sticky":false,"template":"","format":"image","meta":{"footnotes":""},"categories":[23,12,73],"tags":[],"class_list":["post-11051","post","type-post","status-publish","format-image","hentry","category-klub","category-podujatie","category-pre-deti","post_format-post-format-image"],"_links":{"self":[{"href":"https:\/\/www.krajskakniznicazilina.sk\/index.php\/wp-json\/wp\/v2\/posts\/11051","targetHints":{"allow":["GET"]}}],"collection":[{"href":"https:\/\/www.krajskakniznicazilina.sk\/index.php\/wp-json\/wp\/v2\/posts"}],"about":[{"href":"https:\/\/www.krajskakniznicazilina.sk\/index.php\/wp-json\/wp\/v2\/types\/post"}],"author":[{"embeddable":true,"href":"https:\/\/www.krajskakniznicazilina.sk\/index.php\/wp-json\/wp\/v2\/users\/1"}],"replies":[{"embeddable":true,"href":"https:\/\/www.krajskakniznicazilina.sk\/index.php\/wp-json\/wp\/v2\/comments?post=11051"}],"version-history":[{"count":1,"href":"https:\/\/www.krajskakniznicazilina.sk\/index.php\/wp-json\/wp\/v2\/posts\/11051\/revisions"}],"predecessor-version":[{"id":11052,"href":"https:\/\/www.krajskakniznicazilina.sk\/index.php\/wp-json\/wp\/v2\/posts\/11051\/revisions\/11052"}],"wp:attachment":[{"href":"https:\/\/www.krajskakniznicazilina.sk\/index.php\/wp-json\/wp\/v2\/media?parent=11051"}],"wp:term":[{"taxonomy":"category","embeddable":true,"href":"https:\/\/www.krajskakniznicazilina.sk\/index.php\/wp-json\/wp\/v2\/categories?post=11051"},{"taxonomy":"post_tag","embeddable":true,"href":"https:\/\/www.krajskakniznicazilina.sk\/index.php\/wp-json\/wp\/v2\/tags?post=11051"}],"curies":[{"name":"wp","href":"https:\/\/api.w.org\/{rel}","templated":true}]}}