{"id":11066,"date":"2023-03-29T07:03:09","date_gmt":"2023-03-29T05:03:09","guid":{"rendered":"https:\/\/www.krajskakniznicazilina.sk\/?p=11066"},"modified":"2023-04-11T08:33:31","modified_gmt":"2023-04-11T06:33:31","slug":"katarina-mikolasova-vystava","status":"publish","type":"post","link":"https:\/\/www.krajskakniznicazilina.sk\/index.php\/2023\/03\/29\/katarina-mikolasova-vystava\/","title":{"rendered":"Katar\u00edna Mikol\u00e1\u0161ov\u00e1 &#8211; v\u00fdstava"},"content":{"rendered":"<p style=\"text-align: justify;\"><a href=\"https:\/\/www.krajskakniznicazilina.sk\/clanky\/2023\/04\/mikol%C3%A1%C5%A1ov%C3%A1.jpg\"><img decoding=\"async\" class=\"alignleft size-full\" src=\"https:\/\/www.krajskakniznicazilina.sk\/clanky\/2023\/04\/mikol%C3%A1%C5%A1ov%C3%A1.jpg\" width=\"40%\" height=\"40%\" \/><\/a>V\u00fdstava pri pr\u00edle\u017eitosti 60. v\u00fdro\u010dia narodenia osobnosti. Katar\u00edna Mikol\u00e1\u0161ov\u00e1, rod\u00e1\u010dka zo \u017diliny,\u00a0 je autorkou po\u00e9zie a literat\u00fary pre deti a ml\u00e1de\u017e. Debutovala v roku 2003\u00a0zbierkou po\u00e9zie\u00a0<em>Cez o\u010di k tebe vch\u00e1dzam. <\/em>\u00a0Publikovala vo viacer\u00fdch zborn\u00edkoch,\u00a0v\u00a0periodik\u00e1ch, region\u00e1lnej tla\u010di a Slovenskom rozhlase.<\/p>\n<p style=\"text-align: justify;\">Predstav\u00edme V\u00e1m \u017eivot a tvorbu osobnosti v periodik\u00e1ch, knih\u00e1ch a zborn\u00edkoch. V\u00fdstava bude spr\u00edstupnen\u00e1 v priestoroch Krajskej kni\u017enice v \u017diline. V\u00fdstava je pred\u013a\u017een\u00e1 do konca <strong>m\u00e1ja<\/strong>.<\/p>\n","protected":false},"excerpt":{"rendered":"<p>V\u00fdstava pri pr\u00edle\u017eitosti 60. v\u00fdro\u010dia narodenia osobnosti. Katar\u00edna Mikol\u00e1\u0161ov\u00e1, rod\u00e1\u010dka zo \u017diliny,\u00a0 je autorkou po\u00e9zie a literat\u00fary pre deti a ml\u00e1de\u017e. Debutovala v roku 2003\u00a0zbierkou po\u00e9zie\u00a0Cez o\u010di k tebe vch\u00e1dzam. \u00a0Publikovala vo viacer\u00fdch zborn\u00edkoch,\u00a0v\u00a0periodik\u00e1ch, region\u00e1lnej tla\u010di a Slovenskom rozhlase. Predstav\u00edme V\u00e1m \u017eivot a tvorbu osobnosti v periodik\u00e1ch, knih\u00e1ch a zborn\u00edkoch. V\u00fdstava bude spr\u00edstupnen\u00e1 v priestoroch &#8230; <a title=\"Katar\u00edna Mikol\u00e1\u0161ov\u00e1 &#8211; v\u00fdstava\" class=\"read-more\" href=\"https:\/\/www.krajskakniznicazilina.sk\/index.php\/2023\/03\/29\/katarina-mikolasova-vystava\/\" aria-label=\"Pre\u010d\u00edtajte si viac o Katar\u00edna Mikol\u00e1\u0161ov\u00e1 &#8211; v\u00fdstava\">\u010c\u00edta\u0165 viac<\/a><\/p>\n","protected":false},"author":1,"featured_media":0,"comment_status":"open","ping_status":"open","sticky":false,"template":"","format":"image","meta":{"footnotes":""},"categories":[15],"tags":[],"class_list":["post-11066","post","type-post","status-publish","format-image","hentry","category-vystava","post_format-post-format-image"],"_links":{"self":[{"href":"https:\/\/www.krajskakniznicazilina.sk\/index.php\/wp-json\/wp\/v2\/posts\/11066","targetHints":{"allow":["GET"]}}],"collection":[{"href":"https:\/\/www.krajskakniznicazilina.sk\/index.php\/wp-json\/wp\/v2\/posts"}],"about":[{"href":"https:\/\/www.krajskakniznicazilina.sk\/index.php\/wp-json\/wp\/v2\/types\/post"}],"author":[{"embeddable":true,"href":"https:\/\/www.krajskakniznicazilina.sk\/index.php\/wp-json\/wp\/v2\/users\/1"}],"replies":[{"embeddable":true,"href":"https:\/\/www.krajskakniznicazilina.sk\/index.php\/wp-json\/wp\/v2\/comments?post=11066"}],"version-history":[{"count":2,"href":"https:\/\/www.krajskakniznicazilina.sk\/index.php\/wp-json\/wp\/v2\/posts\/11066\/revisions"}],"predecessor-version":[{"id":11129,"href":"https:\/\/www.krajskakniznicazilina.sk\/index.php\/wp-json\/wp\/v2\/posts\/11066\/revisions\/11129"}],"wp:attachment":[{"href":"https:\/\/www.krajskakniznicazilina.sk\/index.php\/wp-json\/wp\/v2\/media?parent=11066"}],"wp:term":[{"taxonomy":"category","embeddable":true,"href":"https:\/\/www.krajskakniznicazilina.sk\/index.php\/wp-json\/wp\/v2\/categories?post=11066"},{"taxonomy":"post_tag","embeddable":true,"href":"https:\/\/www.krajskakniznicazilina.sk\/index.php\/wp-json\/wp\/v2\/tags?post=11066"}],"curies":[{"name":"wp","href":"https:\/\/api.w.org\/{rel}","templated":true}]}}