{"id":11078,"date":"2023-03-28T08:02:02","date_gmt":"2023-03-28T06:02:02","guid":{"rendered":"https:\/\/www.krajskakniznicazilina.sk\/?p=11078"},"modified":"2023-03-28T08:02:02","modified_gmt":"2023-03-28T06:02:02","slug":"beyond-the-wand-blog","status":"publish","type":"post","link":"https:\/\/www.krajskakniznicazilina.sk\/index.php\/2023\/03\/28\/beyond-the-wand-blog\/","title":{"rendered":"Beyond the Wand (blog)"},"content":{"rendered":"<div style=\"background-color: #1a2d59; padding: 35px 35px 55px 35px; text-align: justify;\">\n<p><span style=\"color: #ffffff;\"><i><a href=\"https:\/\/kniznicazilina.blogspot.com\/2023\/03\/tom-felton-beyond-wand.html\"><img decoding=\"async\" class=\"alignright wp-image-8868 size-full\" src=\"https:\/\/blogger.googleusercontent.com\/img\/b\/R29vZ2xl\/AVvXsEjF3f1-kBhANuJbypYa47pBStWK9ea1WhjmO5AeHkG_HNDLdcoyJXwvoRP4uENBhdiOsfWi7_WT4uCnuNPqi52nuMjrNZkvyTovy4yGzrqrjYc-Jgv_dz5OIX5dmHYs_GPxZA1C-PVHU-BLR7z4LCrHjtJ6aIVeNGvpENoBS4k8TzN_U0oQxUMUnIHA\/w170-h200\/tom%20%E2%80%93%20k%C3%B3pia.jpg\" alt=\"\" width=\"25%\" height=\"25%\" \/><\/a><\/i>Ako obrovsk\u00fd fan\u00fa\u0161ik Harryho Pottera, neexistovala mo\u017enos\u0165, aby som ne\u010d\u00edtala t\u00fato knihu &#8211; Beyond the Wand \/ S kouzelnickou h\u016flkou. Vlastne som si ju objednala u\u017e tri\u0161tvrte roka pred jej vydan\u00edm, preto\u017ee som si dopriala \u0161peci\u00e1lnu ed\u00edciu spolu s podpisom Toma Feltona&#8230;<br \/>\n<\/span><\/p>\n<p><span style=\"color: #ffffff;\">Viac sa do\u010d\u00edtate na blogu<\/span> <span style=\"color: #ccffff;\"><a style=\"color: #ccffff;\" href=\"https:\/\/kniznicazilina.blogspot.com\/2023\/03\/tom-felton-beyond-wand.html\"><strong>Kni\u017enica spoza pultu<\/strong><\/a><span style=\"color: #ffffff;\">.<\/span><\/span><\/p>\n<\/div>\n","protected":false},"excerpt":{"rendered":"<p>Ako obrovsk\u00fd fan\u00fa\u0161ik Harryho Pottera, neexistovala mo\u017enos\u0165, aby som ne\u010d\u00edtala t\u00fato knihu &#8211; Beyond the Wand \/ S kouzelnickou h\u016flkou. Vlastne som si ju objednala u\u017e tri\u0161tvrte roka pred jej vydan\u00edm, preto\u017ee som si dopriala \u0161peci\u00e1lnu ed\u00edciu spolu s podpisom Toma Feltona&#8230; Viac sa do\u010d\u00edtate na blogu Kni\u017enica spoza pultu.<\/p>\n","protected":false},"author":1,"featured_media":0,"comment_status":"open","ping_status":"open","sticky":false,"template":"","format":"image","meta":{"footnotes":""},"categories":[65,46],"tags":[],"class_list":["post-11078","post","type-post","status-publish","format-image","hentry","category-blog","category-tip-na-knihu","post_format-post-format-image"],"_links":{"self":[{"href":"https:\/\/www.krajskakniznicazilina.sk\/index.php\/wp-json\/wp\/v2\/posts\/11078","targetHints":{"allow":["GET"]}}],"collection":[{"href":"https:\/\/www.krajskakniznicazilina.sk\/index.php\/wp-json\/wp\/v2\/posts"}],"about":[{"href":"https:\/\/www.krajskakniznicazilina.sk\/index.php\/wp-json\/wp\/v2\/types\/post"}],"author":[{"embeddable":true,"href":"https:\/\/www.krajskakniznicazilina.sk\/index.php\/wp-json\/wp\/v2\/users\/1"}],"replies":[{"embeddable":true,"href":"https:\/\/www.krajskakniznicazilina.sk\/index.php\/wp-json\/wp\/v2\/comments?post=11078"}],"version-history":[{"count":2,"href":"https:\/\/www.krajskakniznicazilina.sk\/index.php\/wp-json\/wp\/v2\/posts\/11078\/revisions"}],"predecessor-version":[{"id":11080,"href":"https:\/\/www.krajskakniznicazilina.sk\/index.php\/wp-json\/wp\/v2\/posts\/11078\/revisions\/11080"}],"wp:attachment":[{"href":"https:\/\/www.krajskakniznicazilina.sk\/index.php\/wp-json\/wp\/v2\/media?parent=11078"}],"wp:term":[{"taxonomy":"category","embeddable":true,"href":"https:\/\/www.krajskakniznicazilina.sk\/index.php\/wp-json\/wp\/v2\/categories?post=11078"},{"taxonomy":"post_tag","embeddable":true,"href":"https:\/\/www.krajskakniznicazilina.sk\/index.php\/wp-json\/wp\/v2\/tags?post=11078"}],"curies":[{"name":"wp","href":"https:\/\/api.w.org\/{rel}","templated":true}]}}