{"id":11084,"date":"2023-03-28T17:06:32","date_gmt":"2023-03-28T15:06:32","guid":{"rendered":"https:\/\/www.krajskakniznicazilina.sk\/?p=11084"},"modified":"2023-04-11T10:38:28","modified_gmt":"2023-04-11T08:38:28","slug":"vedomy-rodic-21-storocia","status":"publish","type":"post","link":"https:\/\/www.krajskakniznicazilina.sk\/index.php\/2023\/03\/28\/vedomy-rodic-21-storocia\/","title":{"rendered":"Vedom\u00fd rodi\u010d 21. storo\u010dia"},"content":{"rendered":"<p style=\"text-align: justify;\"><a href=\"https:\/\/www.miskakrny.com\/turne\/\"><img decoding=\"async\" class=\"alignright size-full wp-image-11085\" src=\"https:\/\/www.krajskakniznicazilina.sk\/wp-content\/uploads\/2023\/03\/vedom\u00fd-rodi\u010d.jpg\" alt=\"\" width=\"40%\" height=\"40%\" srcset=\"https:\/\/www.krajskakniznicazilina.sk\/wp-content\/uploads\/2023\/03\/vedom\u00fd-rodi\u010d.jpg 1241w, https:\/\/www.krajskakniznicazilina.sk\/wp-content\/uploads\/2023\/03\/vedom\u00fd-rodi\u010d-212x300.jpg 212w, https:\/\/www.krajskakniznicazilina.sk\/wp-content\/uploads\/2023\/03\/vedom\u00fd-rodi\u010d-724x1024.jpg 724w, https:\/\/www.krajskakniznicazilina.sk\/wp-content\/uploads\/2023\/03\/vedom\u00fd-rodi\u010d-768x1086.jpg 768w, https:\/\/www.krajskakniznicazilina.sk\/wp-content\/uploads\/2023\/03\/vedom\u00fd-rodi\u010d-1086x1536.jpg 1086w\" sizes=\"(max-width: 1241px) 100vw, 1241px\" \/><\/a>Nepo\u010d\u00favaj\u00fa V\u00e1s va\u0161e deti? Viete, ako by\u0165 dobr\u00fdm rodi\u010dom pre svoje die\u0165a aj v\u00a0tejto dobe a\u00a0ako zvl\u00e1da\u0165 be\u017en\u00e9 konflikty s de\u0165mi? Pr\u00ed\u010fte na workshop vo \u0161tvrtok <strong>20. apr\u00edla o\u00a016:00<\/strong> do Krajskej kni\u017enice v\u00a0\u017diline a\u00a0dozviete sa viac o\u00a0v\u00fdchove det\u00ed. <strong>Workshop Vedom\u00fd rodi\u010d 21. storo\u010dia <\/strong>je pre rodi\u010dov, ktor\u00ed chc\u00fa zo svojich det\u00ed vychova\u0165 \u0161\u0165astn\u00fdch a \u00faspe\u0161n\u00fdch \u013eud\u00ed. Viac inform\u00e1ci\u00ed, cenu workshopu a \u00a0prihl\u00e1senie na\u0148 n\u00e1jdete na str\u00e1nke: <a href=\"https:\/\/www.miskakrny.com\/turne\/\">https:\/\/www.miskakrny.com\/turne\/<\/a><\/p>\n","protected":false},"excerpt":{"rendered":"<p>Nepo\u010d\u00favaj\u00fa V\u00e1s va\u0161e deti? Viete, ako by\u0165 dobr\u00fdm rodi\u010dom pre svoje die\u0165a aj v\u00a0tejto dobe a\u00a0ako zvl\u00e1da\u0165 be\u017en\u00e9 konflikty s de\u0165mi? Pr\u00ed\u010fte na workshop vo \u0161tvrtok 20. apr\u00edla o\u00a016:00 do Krajskej kni\u017enice v\u00a0\u017diline a\u00a0dozviete sa viac o\u00a0v\u00fdchove det\u00ed. Workshop Vedom\u00fd rodi\u010d 21. storo\u010dia je pre rodi\u010dov, ktor\u00ed chc\u00fa zo svojich det\u00ed vychova\u0165 \u0161\u0165astn\u00fdch a \u00faspe\u0161n\u00fdch &#8230; <a title=\"Vedom\u00fd rodi\u010d 21. storo\u010dia\" class=\"read-more\" href=\"https:\/\/www.krajskakniznicazilina.sk\/index.php\/2023\/03\/28\/vedomy-rodic-21-storocia\/\" aria-label=\"Pre\u010d\u00edtajte si viac o Vedom\u00fd rodi\u010d 21. storo\u010dia\">\u010c\u00edta\u0165 viac<\/a><\/p>\n","protected":false},"author":1,"featured_media":0,"comment_status":"open","ping_status":"open","sticky":false,"template":"","format":"image","meta":{"footnotes":""},"categories":[12,20],"tags":[],"class_list":["post-11084","post","type-post","status-publish","format-image","hentry","category-podujatie","category-workshop","post_format-post-format-image"],"_links":{"self":[{"href":"https:\/\/www.krajskakniznicazilina.sk\/index.php\/wp-json\/wp\/v2\/posts\/11084","targetHints":{"allow":["GET"]}}],"collection":[{"href":"https:\/\/www.krajskakniznicazilina.sk\/index.php\/wp-json\/wp\/v2\/posts"}],"about":[{"href":"https:\/\/www.krajskakniznicazilina.sk\/index.php\/wp-json\/wp\/v2\/types\/post"}],"author":[{"embeddable":true,"href":"https:\/\/www.krajskakniznicazilina.sk\/index.php\/wp-json\/wp\/v2\/users\/1"}],"replies":[{"embeddable":true,"href":"https:\/\/www.krajskakniznicazilina.sk\/index.php\/wp-json\/wp\/v2\/comments?post=11084"}],"version-history":[{"count":4,"href":"https:\/\/www.krajskakniznicazilina.sk\/index.php\/wp-json\/wp\/v2\/posts\/11084\/revisions"}],"predecessor-version":[{"id":11135,"href":"https:\/\/www.krajskakniznicazilina.sk\/index.php\/wp-json\/wp\/v2\/posts\/11084\/revisions\/11135"}],"wp:attachment":[{"href":"https:\/\/www.krajskakniznicazilina.sk\/index.php\/wp-json\/wp\/v2\/media?parent=11084"}],"wp:term":[{"taxonomy":"category","embeddable":true,"href":"https:\/\/www.krajskakniznicazilina.sk\/index.php\/wp-json\/wp\/v2\/categories?post=11084"},{"taxonomy":"post_tag","embeddable":true,"href":"https:\/\/www.krajskakniznicazilina.sk\/index.php\/wp-json\/wp\/v2\/tags?post=11084"}],"curies":[{"name":"wp","href":"https:\/\/api.w.org\/{rel}","templated":true}]}}