{"id":11299,"date":"2023-05-16T07:01:01","date_gmt":"2023-05-16T05:01:01","guid":{"rendered":"https:\/\/www.krajskakniznicazilina.sk\/?p=11299"},"modified":"2023-05-10T07:04:56","modified_gmt":"2023-05-10T05:04:56","slug":"seniori-sa-v-kniznici-ucia-pracovat-s-pocitacom-2","status":"publish","type":"post","link":"https:\/\/www.krajskakniznicazilina.sk\/index.php\/2023\/05\/16\/seniori-sa-v-kniznici-ucia-pracovat-s-pocitacom-2\/","title":{"rendered":"Seniori sa v kni\u017enici u\u010dia pracova\u0165 s po\u010d\u00edta\u010dom"},"content":{"rendered":"<p style=\"text-align: justify;\"><a href=\"https:\/\/www.krajskakniznicazilina.sk\/clanky\/2023\/06\/digit%C3%A1lna%20pripravenos%C5%A5%20j%C3%BAn.jpg\"><img decoding=\"async\" class=\"alignright size-full\" src=\"https:\/\/www.krajskakniznicazilina.sk\/clanky\/2023\/06\/digit%C3%A1lna%20pripravenos%C5%A5%20j%C3%BAn.jpg\" width=\"40%\" height=\"40%\" \/><\/a>Od 11. apr\u00edla do 9. m\u00e1ja 2023 prebiehal v\u00a0Krajskej kni\u017enici v\u00a0\u017diline po\u010d\u00edta\u010dov\u00fd kurz pre seniorov s\u00a0n\u00e1zvom Digit\u00e1lna pripravenos\u0165. Tento kurz bol prv\u00fdm v\u00a0cykle kurzov zahrnut\u00fdch v projekte <em>Seniori programuj\u00fa v\u00a0Krajskej kni\u017enici v\u00a0\u017diline,<\/em> ktor\u00fd finan\u010dne podporil Fond SK-NIC. Nov\u00fd kurz otvor\u00edme 6. j\u00fana 2023 o\u00a08:00.<\/p>\n<p style=\"text-align: justify;\"><em>\u201eJe to ve\u013emi dobr\u00e1 vec, v\u00a0dne\u0161nej dobe by som povedala, \u017ee a\u017e nevyhnutn\u00e1. \u010eakujem za kurz, pr\u00eddem aj druh\u00fd raz,\u201c <\/em>hodnot\u00ed po\u010d\u00edta\u010dov\u00fd kurz pani Milka, jeho absolventka. A\u00a0pr\u00edpadn\u00fdch z\u00e1ujemcov povzbudzuje :<em> \u201eNetreba sa b\u00e1\u0165!\u201c<\/em><!--more--><\/p>\n<p style=\"text-align: justify;\">Krajsk\u00e1 kni\u017enica v\u00a0\u017diline, organiz\u00e1cia v\u00a0zria\u010fovate\u013eskej p\u00f4sobnosti \u017dilinsk\u00e9ho samospr\u00e1vneho kraja, u\u017e nieko\u013eko rokov \u00faspe\u0161ne organizuje po\u010d\u00edta\u010dov\u00e9 kurzy pre seniorov so zameran\u00edm na r\u00f4zne aspekty pr\u00e1ce s\u00a0po\u010d\u00edta\u010dom. Okrem nich pon\u00fakame seniorom tie\u017e kurzy angli\u010dtiny \u010di tr\u00e9ningy pam\u00e4ti a\u00a0pre umeleck\u00e9 du\u0161e organizujeme aj kurzy ru\u010dn\u00fdch pr\u00e1c a\u00a0tvoriv\u00e9 dielne.<\/p>\n<p style=\"text-align: justify;\">J\u00fanov\u00fd po\u010d\u00edta\u010dov\u00fd kurz bude zameran\u00fd na z\u00e1kladn\u00e9 po\u010d\u00edta\u010dov\u00e9 zru\u010dnosti. Prv\u00e9 stretnutie bude venovan\u00e9 zapnutiu a\u00a0vypnutiu po\u010d\u00edta\u010da, pr\u00e1ci s\u00a0my\u0161ou a\u00a0kl\u00e1vesnicou a\u00a0orientovan\u00ed sa v\u00a0z\u00e1kladn\u00fdch s\u00faboroch a\u00a0prie\u010dinkoch osobn\u00e9ho po\u010d\u00edta\u010da. Nasleduj\u00face \u0161tyri stretnutia bud\u00fa zameran\u00e9 na pr\u00e1cu s\u00a0textov\u00fdm a\u00a0tabu\u013ekov\u00fdm editorom, zalo\u017eenie a\u00a0pou\u017e\u00edvanie emailovej adresy, obozn\u00e1menie sa s\u00a0u\u017eito\u010dn\u00fdmi internetov\u00fdmi str\u00e1nkami a\u00a0bezpe\u010dnos\u0165ou na internete.<\/p>\n<p style=\"text-align: justify;\"><em>\u201eDnes sa na\u0161im seniorom darilo v\u00fdborne &#8211; tvorba prie\u010dinkov, pres\u00favanie s\u00faborov, aj vyh\u013ead\u00e1vanie na internete. Ke\u010f porovn\u00e1me prv\u00e9 stretnutie s t\u00fdm dne\u0161n\u00fdm \u2013 posledn\u00fdm, vid\u00edme ve\u013ek\u00fd pokrok. Pre n\u00e1s lektorky je tie\u017e ve\u013emi pr\u00edjemn\u00e9 pozorova\u0165 , ako na\u0161i seniori postupne nadob\u00fadaj\u00fa sebavedomie pri pou\u017e\u00edvan\u00ed po\u010d\u00edta\u010dov,\u201c <\/em>zhodnotila po z\u00e1vere\u010dnom stretnut\u00ed po\u010d\u00edta\u010dov\u00e9ho kurzu jedna z\u00a0jeho lektoriek, Mgr. Lucia Hru\u0161kov\u00e1.<\/p>\n<p style=\"text-align: justify;\">V\u00a0letn\u00fdch mesiacoch kni\u017enica pon\u00fakne seniorom mo\u017enos\u0165 nau\u010di\u0165 sa z\u00e1klady programovania a\u00a03D tla\u010de a\u00a0v\u00a0septembri pl\u00e1nujeme otvori\u0165 \u010fal\u0161\u00ed kurz z\u00e1kladn\u00fdch po\u010d\u00edta\u010dov\u00fdch zru\u010dnost\u00ed. Z\u00e1ujemcovia o\u00a0tieto stretnutia sa m\u00f4\u017eu o\u00a0ich dostupnosti informova\u0165 telefonicky na \u010d\u00edsle 041\/ 764 56 22 alebo osobne na \u00faseku odbornej literat\u00fary v\u00a0Krajskej kni\u017enici v\u00a0\u017diline.<\/p>\n<p style=\"text-align: justify;\">Ida Berthotyov\u00e1, Krajsk\u00e1 kni\u017enica v\u00a0\u017diline, knihovn\u00ed\u010dka<\/p>\n","protected":false},"excerpt":{"rendered":"<p>Od 11. apr\u00edla do 9. m\u00e1ja 2023 prebiehal v\u00a0Krajskej kni\u017enici v\u00a0\u017diline po\u010d\u00edta\u010dov\u00fd kurz pre seniorov s\u00a0n\u00e1zvom Digit\u00e1lna pripravenos\u0165. Tento kurz bol prv\u00fdm v\u00a0cykle kurzov zahrnut\u00fdch v projekte Seniori programuj\u00fa v\u00a0Krajskej kni\u017enici v\u00a0\u017diline, ktor\u00fd finan\u010dne podporil Fond SK-NIC. Nov\u00fd kurz otvor\u00edme 6. j\u00fana 2023 o\u00a08:00. \u201eJe to ve\u013emi dobr\u00e1 vec, v\u00a0dne\u0161nej dobe by som povedala, \u017ee &#8230; <a title=\"Seniori sa v kni\u017enici u\u010dia pracova\u0165 s po\u010d\u00edta\u010dom\" class=\"read-more\" href=\"https:\/\/www.krajskakniznicazilina.sk\/index.php\/2023\/05\/16\/seniori-sa-v-kniznici-ucia-pracovat-s-pocitacom-2\/\" aria-label=\"Pre\u010d\u00edtajte si viac o Seniori sa v kni\u017enici u\u010dia pracova\u0165 s po\u010d\u00edta\u010dom\">\u010c\u00edta\u0165 viac<\/a><\/p>\n","protected":false},"author":1,"featured_media":0,"comment_status":"open","ping_status":"open","sticky":false,"template":"","format":"image","meta":{"footnotes":""},"categories":[26,12,68,19],"tags":[],"class_list":["post-11299","post","type-post","status-publish","format-image","hentry","category-kurz","category-podujatie","category-projekt","category-tlacova-sprava","post_format-post-format-image"],"_links":{"self":[{"href":"https:\/\/www.krajskakniznicazilina.sk\/index.php\/wp-json\/wp\/v2\/posts\/11299","targetHints":{"allow":["GET"]}}],"collection":[{"href":"https:\/\/www.krajskakniznicazilina.sk\/index.php\/wp-json\/wp\/v2\/posts"}],"about":[{"href":"https:\/\/www.krajskakniznicazilina.sk\/index.php\/wp-json\/wp\/v2\/types\/post"}],"author":[{"embeddable":true,"href":"https:\/\/www.krajskakniznicazilina.sk\/index.php\/wp-json\/wp\/v2\/users\/1"}],"replies":[{"embeddable":true,"href":"https:\/\/www.krajskakniznicazilina.sk\/index.php\/wp-json\/wp\/v2\/comments?post=11299"}],"version-history":[{"count":2,"href":"https:\/\/www.krajskakniznicazilina.sk\/index.php\/wp-json\/wp\/v2\/posts\/11299\/revisions"}],"predecessor-version":[{"id":11301,"href":"https:\/\/www.krajskakniznicazilina.sk\/index.php\/wp-json\/wp\/v2\/posts\/11299\/revisions\/11301"}],"wp:attachment":[{"href":"https:\/\/www.krajskakniznicazilina.sk\/index.php\/wp-json\/wp\/v2\/media?parent=11299"}],"wp:term":[{"taxonomy":"category","embeddable":true,"href":"https:\/\/www.krajskakniznicazilina.sk\/index.php\/wp-json\/wp\/v2\/categories?post=11299"},{"taxonomy":"post_tag","embeddable":true,"href":"https:\/\/www.krajskakniznicazilina.sk\/index.php\/wp-json\/wp\/v2\/tags?post=11299"}],"curies":[{"name":"wp","href":"https:\/\/api.w.org\/{rel}","templated":true}]}}