{"id":11410,"date":"2023-07-26T07:06:17","date_gmt":"2023-07-26T05:06:17","guid":{"rendered":"https:\/\/www.krajskakniznicazilina.sk\/?p=11410"},"modified":"2023-07-27T07:06:45","modified_gmt":"2023-07-27T05:06:45","slug":"rozpravkovo-pre-najmensich-o-kozliatkach","status":"publish","type":"post","link":"https:\/\/www.krajskakniznicazilina.sk\/index.php\/2023\/07\/26\/rozpravkovo-pre-najmensich-o-kozliatkach\/","title":{"rendered":"Rozpr\u00e1vkovo pre najmen\u0161\u00edch &#8211; O kozliatkach"},"content":{"rendered":"<p style=\"text-align: justify;\"><a href=\"https:\/\/www.krajskakniznicazilina.sk\/clanky\/2023\/08\/rozp%20kozliat.jpg\"><img decoding=\"async\" class=\"size-full alignright\" src=\"https:\/\/www.krajskakniznicazilina.sk\/clanky\/2023\/08\/rozp%20kozliat.jpg\" width=\"40%\" height=\"40%\" \/><\/a>Aby sa kozliatka doma sam\u00e9 nenudili, preto\u017ee ich mama chod\u00ed do pr\u00e1ce, hraj\u00fa sa kolo-kolo ml\u00fdnske, oli-oli Janko alebo h\u00fasky, h\u00fasky po\u010fte domov a ve\u013ea in\u00fdch hier. Ak sa chcete zahra\u0165 s nami a nau\u010di\u0165 sa ako vyzeraj\u00fa \u010d\u00edsla, zabeha\u0165 si a dozvedie\u0165 sa ako to bolo s vlkom, te\u0161\u00edme sa na v\u00e1s v pondelok <strong>14. augusta o 10:30<\/strong> v Liter\u00e1rnom parku za Krajskou kni\u017enicou v \u017diline. Podujatie je vhodn\u00e9 pre deti vo veku <strong>od 2 do 4 rokov<\/strong>, v sprievode rodi\u010dov. Na podujatie je <strong>nutn\u00e9 sa prihl\u00e1si\u0165<\/strong>: <strong><a href=\"https:\/\/forms.gle\/VtnSBoYWQvULzYhYA\">https:\/\/forms.gle\/VtnSBoYWQvULzYhYA<\/a><\/strong><\/p>\n","protected":false},"excerpt":{"rendered":"<p>Aby sa kozliatka doma sam\u00e9 nenudili, preto\u017ee ich mama chod\u00ed do pr\u00e1ce, hraj\u00fa sa kolo-kolo ml\u00fdnske, oli-oli Janko alebo h\u00fasky, h\u00fasky po\u010fte domov a ve\u013ea in\u00fdch hier. Ak sa chcete zahra\u0165 s nami a nau\u010di\u0165 sa ako vyzeraj\u00fa \u010d\u00edsla, zabeha\u0165 si a dozvedie\u0165 sa ako to bolo s vlkom, te\u0161\u00edme sa na v\u00e1s v pondelok &#8230; <a title=\"Rozpr\u00e1vkovo pre najmen\u0161\u00edch &#8211; O kozliatkach\" class=\"read-more\" href=\"https:\/\/www.krajskakniznicazilina.sk\/index.php\/2023\/07\/26\/rozpravkovo-pre-najmensich-o-kozliatkach\/\" aria-label=\"Pre\u010d\u00edtajte si viac o Rozpr\u00e1vkovo pre najmen\u0161\u00edch &#8211; O kozliatkach\">\u010c\u00edta\u0165 viac<\/a><\/p>\n","protected":false},"author":1,"featured_media":0,"comment_status":"open","ping_status":"open","sticky":false,"template":"","format":"image","meta":{"footnotes":""},"categories":[30,12,73],"tags":[],"class_list":["post-11410","post","type-post","status-publish","format-image","hentry","category-detske-leto","category-podujatie","category-pre-deti","post_format-post-format-image"],"_links":{"self":[{"href":"https:\/\/www.krajskakniznicazilina.sk\/index.php\/wp-json\/wp\/v2\/posts\/11410","targetHints":{"allow":["GET"]}}],"collection":[{"href":"https:\/\/www.krajskakniznicazilina.sk\/index.php\/wp-json\/wp\/v2\/posts"}],"about":[{"href":"https:\/\/www.krajskakniznicazilina.sk\/index.php\/wp-json\/wp\/v2\/types\/post"}],"author":[{"embeddable":true,"href":"https:\/\/www.krajskakniznicazilina.sk\/index.php\/wp-json\/wp\/v2\/users\/1"}],"replies":[{"embeddable":true,"href":"https:\/\/www.krajskakniznicazilina.sk\/index.php\/wp-json\/wp\/v2\/comments?post=11410"}],"version-history":[{"count":3,"href":"https:\/\/www.krajskakniznicazilina.sk\/index.php\/wp-json\/wp\/v2\/posts\/11410\/revisions"}],"predecessor-version":[{"id":11594,"href":"https:\/\/www.krajskakniznicazilina.sk\/index.php\/wp-json\/wp\/v2\/posts\/11410\/revisions\/11594"}],"wp:attachment":[{"href":"https:\/\/www.krajskakniznicazilina.sk\/index.php\/wp-json\/wp\/v2\/media?parent=11410"}],"wp:term":[{"taxonomy":"category","embeddable":true,"href":"https:\/\/www.krajskakniznicazilina.sk\/index.php\/wp-json\/wp\/v2\/categories?post=11410"},{"taxonomy":"post_tag","embeddable":true,"href":"https:\/\/www.krajskakniznicazilina.sk\/index.php\/wp-json\/wp\/v2\/tags?post=11410"}],"curies":[{"name":"wp","href":"https:\/\/api.w.org\/{rel}","templated":true}]}}