{"id":11414,"date":"2023-07-10T07:04:17","date_gmt":"2023-07-10T05:04:17","guid":{"rendered":"https:\/\/www.krajskakniznicazilina.sk\/?p=11414"},"modified":"2023-06-16T09:14:55","modified_gmt":"2023-06-16T07:14:55","slug":"prazdninovy-dennik-z-kniznice-august","status":"publish","type":"post","link":"https:\/\/www.krajskakniznicazilina.sk\/index.php\/2023\/07\/10\/prazdninovy-dennik-z-kniznice-august\/","title":{"rendered":"Pr\u00e1zdninov\u00fd denn\u00edk z kni\u017enice &#8211; august"},"content":{"rendered":"<p style=\"text-align: justify;\"><strong><a href=\"https:\/\/www.krajskakniznicazilina.sk\/clanky\/2023\/08\/pr%C3%A1zdnin%20denn%20august.jpg\"><img decoding=\"async\" class=\"size-full alignright\" src=\"https:\/\/www.krajskakniznicazilina.sk\/clanky\/2023\/08\/pr%C3%A1zdnin%20denn%20august.jpg\" width=\"40%\" height=\"40%\" \/><\/a>Ako sa dnes m\u00e1\u0161? &#8211; 1. augusta o 10:30<\/strong><\/p>\n<p style=\"text-align: justify;\">Ka\u017ed\u00fd de\u0148 je in\u00fd. Raz si vesel\u00fd, inokedy smutn\u00fd. Pod\u013ea \u010doho to z\u00e1le\u017e\u00ed? Porozpr\u00e1vame a pre\u010d\u00edtame si pr\u00edbehy, ktor\u00e9 n\u00e1m to pom\u00f4\u017eu pochopi\u0165 A mo\u017eno ti uk\u00e1\u017eu cesti\u010dku, ako zvl\u00e1da\u0165 \u0165a\u017ekosti. Podujatie je vhodn\u00e9 pre deti <strong>od 5 do 10<\/strong>\u00a0rokov.<br \/>\nNa podujatie<strong> je potrebn\u00e9 sa prihl\u00e1si\u0165<\/strong>: <strong><a href=\"https:\/\/forms.gle\/G9ccJnKTF19gKtBbA\">https:\/\/forms.gle\/G9ccJnKTF19gKtBbA<\/a><\/strong><\/p>\n<p style=\"text-align: justify;\"><strong>Pr\u00edroda okolo n\u00e1s &#8211; <\/strong><strong>8. augusta o 10:30<\/strong><\/p>\n<p style=\"text-align: justify;\">O \u010dom hu\u010d\u00ed voda? O \u010dom \u0161um\u00ed les? S de\u0165mi hravou formou spolu spozn\u00e1me tajomstv\u00e1 vody, lesa a ich obyvate\u013eov. Povieme si taktie\u017e ako m\u00f4\u017eeme chr\u00e1ni\u0165 pr\u00edrodu. Podujatie vhodn\u00e9 pre deti <strong>od 5 do 10<\/strong> rokov.<br \/>\nNa podujatie<strong> je potrebn\u00e9 sa prihl\u00e1si\u0165<\/strong>: <strong><a href=\"https:\/\/forms.gle\/DDpxM5zQW4vFE5eQ9\">https:\/\/forms.gle\/DDpxM5zQW4vFE5eQ9<\/a><\/strong><\/p>\n<p style=\"text-align: justify;\"><strong>Princezn\u00e9 a rytieri &#8211; <\/strong><strong>15. augusta <\/strong><strong>o 10:30<\/strong><\/p>\n<p style=\"text-align: justify;\">Porozpr\u00e1vame sa o tom ak\u00e9 \u010dnosti sa cenili v stredoveku na kr\u00e1\u013eovskom dvore, ako sa \u013eudia vtedy k sebe spr\u00e1vali a ako sa zab\u00e1vali na hostin\u00e1ch (tanec, jedlo). Na z\u00e1ver si vytvor\u00edme zlat\u00fa korunku a rytiersku prilbu. Podujatie je vhodn\u00e9 pre deti <strong>od 5<\/strong> rokov.<br \/>\nNa podujatie<strong> je potrebn\u00e9 sa prihl\u00e1si\u0165<\/strong>: <strong><a href=\"https:\/\/forms.gle\/UVA8p5ehBPX32iJZ6\">https:\/\/forms.gle\/UVA8p5ehBPX32iJZ6<\/a><\/strong><\/p>\n<p style=\"text-align: justify;\"><strong>Najkraj\u0161ie v\u00fdlety po Slovensku &#8211; <\/strong><strong>22. augusta o 10:30<\/strong><\/p>\n<p style=\"text-align: justify;\">S de\u0165mi sa porozpr\u00e1vame o najkraj\u0161\u00edch miestach a najkraj\u0161\u00edch v\u00fdletoch po na\u0161ej kr\u00e1snej krajine. Hrady, z\u00e1mky, k\u00fapalisk\u00e1, priehrady a kopce s kr\u00e1snymi v\u00fdh\u013eadmi. Vhodn\u00e9<strong> od 5 do 10<\/strong> rokov.<br \/>\nNa podujatie<strong> je potrebn\u00e9 sa prihl\u00e1si\u0165<\/strong>: <strong><a href=\"https:\/\/forms.gle\/4q4WyV7cQ982kBDK9\">https:\/\/forms.gle\/4q4WyV7cQ982kBDK9<\/a><\/strong><\/p>\n<p>Zmena programu vyhraden\u00e1.<\/p>\n","protected":false},"excerpt":{"rendered":"<p>Ako sa dnes m\u00e1\u0161? &#8211; 1. augusta o 10:30 Ka\u017ed\u00fd de\u0148 je in\u00fd. Raz si vesel\u00fd, inokedy smutn\u00fd. Pod\u013ea \u010doho to z\u00e1le\u017e\u00ed? Porozpr\u00e1vame a pre\u010d\u00edtame si pr\u00edbehy, ktor\u00e9 n\u00e1m to pom\u00f4\u017eu pochopi\u0165 A mo\u017eno ti uk\u00e1\u017eu cesti\u010dku, ako zvl\u00e1da\u0165 \u0165a\u017ekosti. Podujatie je vhodn\u00e9 pre deti od 5 do 10\u00a0rokov. Na podujatie je potrebn\u00e9 sa prihl\u00e1si\u0165: &#8230; <a title=\"Pr\u00e1zdninov\u00fd denn\u00edk z kni\u017enice &#8211; august\" class=\"read-more\" href=\"https:\/\/www.krajskakniznicazilina.sk\/index.php\/2023\/07\/10\/prazdninovy-dennik-z-kniznice-august\/\" aria-label=\"Pre\u010d\u00edtajte si viac o Pr\u00e1zdninov\u00fd denn\u00edk z kni\u017enice &#8211; august\">\u010c\u00edta\u0165 viac<\/a><\/p>\n","protected":false},"author":1,"featured_media":0,"comment_status":"open","ping_status":"open","sticky":false,"template":"","format":"image","meta":{"footnotes":""},"categories":[30,12,73],"tags":[],"class_list":["post-11414","post","type-post","status-publish","format-image","hentry","category-detske-leto","category-podujatie","category-pre-deti","post_format-post-format-image"],"_links":{"self":[{"href":"https:\/\/www.krajskakniznicazilina.sk\/index.php\/wp-json\/wp\/v2\/posts\/11414","targetHints":{"allow":["GET"]}}],"collection":[{"href":"https:\/\/www.krajskakniznicazilina.sk\/index.php\/wp-json\/wp\/v2\/posts"}],"about":[{"href":"https:\/\/www.krajskakniznicazilina.sk\/index.php\/wp-json\/wp\/v2\/types\/post"}],"author":[{"embeddable":true,"href":"https:\/\/www.krajskakniznicazilina.sk\/index.php\/wp-json\/wp\/v2\/users\/1"}],"replies":[{"embeddable":true,"href":"https:\/\/www.krajskakniznicazilina.sk\/index.php\/wp-json\/wp\/v2\/comments?post=11414"}],"version-history":[{"count":4,"href":"https:\/\/www.krajskakniznicazilina.sk\/index.php\/wp-json\/wp\/v2\/posts\/11414\/revisions"}],"predecessor-version":[{"id":11449,"href":"https:\/\/www.krajskakniznicazilina.sk\/index.php\/wp-json\/wp\/v2\/posts\/11414\/revisions\/11449"}],"wp:attachment":[{"href":"https:\/\/www.krajskakniznicazilina.sk\/index.php\/wp-json\/wp\/v2\/media?parent=11414"}],"wp:term":[{"taxonomy":"category","embeddable":true,"href":"https:\/\/www.krajskakniznicazilina.sk\/index.php\/wp-json\/wp\/v2\/categories?post=11414"},{"taxonomy":"post_tag","embeddable":true,"href":"https:\/\/www.krajskakniznicazilina.sk\/index.php\/wp-json\/wp\/v2\/tags?post=11414"}],"curies":[{"name":"wp","href":"https:\/\/api.w.org\/{rel}","templated":true}]}}