{"id":11453,"date":"2023-07-13T07:09:03","date_gmt":"2023-07-13T05:09:03","guid":{"rendered":"https:\/\/www.krajskakniznicazilina.sk\/?p=11453"},"modified":"2023-07-13T07:25:39","modified_gmt":"2023-07-13T05:25:39","slug":"hrave-programovanie-microbit-2","status":"publish","type":"post","link":"https:\/\/www.krajskakniznicazilina.sk\/index.php\/2023\/07\/13\/hrave-programovanie-microbit-2\/","title":{"rendered":"Hrav\u00e9 programovanie &#8211; micro:bit"},"content":{"rendered":"<p style=\"text-align: justify;\"><strong><a href=\"https:\/\/www.krajskakniznicazilina.sk\/clanky\/2023\/08\/hrav%C3%A9%20programovanie%20august%201.jpg\"><img decoding=\"async\" class=\"size-full alignleft\" src=\"https:\/\/www.krajskakniznicazilina.sk\/clanky\/2023\/08\/hrav%C3%A9%20programovanie%20august%201.jpg\" width=\"40%\" height=\"40%\" \/><\/a>03.08.2023 o 10:00 &#8211; Hrav\u00e9 programovanie: <\/strong><strong>micro:bit<\/strong><\/p>\n<p style=\"text-align: justify;\">S pomocou zariadenia BBC micro:bit si vysvetl\u00edme z\u00e1klady blokov\u00e9ho programovania. Povieme si ako sa so zariaden\u00edm pracuje, ak\u00e9 s\u00fa jeho funkcie a vyu\u017eitie, a po kr\u00e1tkej in\u0161trukt\u00e1\u017ei bud\u00fa \u00fa\u010dastn\u00edci vedie\u0165 do micro:bitu naprogramova\u0165 z\u00e1kladn\u00e9 pr\u00edkazy. 2-hodinov\u00fd kurz je ur\u010den\u00fd\u00a0<strong>pre seniorov s vn\u00fa\u010datami<\/strong>\u00a0(9-13 rokov). Po\u010det miest je obmedzen\u00fd (max 10 os\u00f4b), preto je\u00a0<strong>potrebn\u00e9 sa vopred prihl\u00e1si\u0165<\/strong>\u00a0mailom:\u00a0<strong><a href=\"mailto:projekty@krajskakniznicazilina.sk\">projekty@krajskakniznicazilina.sk<\/a>\u00a0alebo<\/strong>\u00a0telefonicky\u00a0<strong>041\/ 764 56 22<\/strong>.<\/p>\n<p style=\"text-align: justify;\">\u201eProjekt a jeho v\u00fdsledok podporil SK-NIC\u201c<\/p>\n","protected":false},"excerpt":{"rendered":"<p>03.08.2023 o 10:00 &#8211; Hrav\u00e9 programovanie: micro:bit S pomocou zariadenia BBC micro:bit si vysvetl\u00edme z\u00e1klady blokov\u00e9ho programovania. Povieme si ako sa so zariaden\u00edm pracuje, ak\u00e9 s\u00fa jeho funkcie a vyu\u017eitie, a po kr\u00e1tkej in\u0161trukt\u00e1\u017ei bud\u00fa \u00fa\u010dastn\u00edci vedie\u0165 do micro:bitu naprogramova\u0165 z\u00e1kladn\u00e9 pr\u00edkazy. 2-hodinov\u00fd kurz je ur\u010den\u00fd\u00a0pre seniorov s vn\u00fa\u010datami\u00a0(9-13 rokov). Po\u010det miest je obmedzen\u00fd (max &#8230; <a title=\"Hrav\u00e9 programovanie &#8211; micro:bit\" class=\"read-more\" href=\"https:\/\/www.krajskakniznicazilina.sk\/index.php\/2023\/07\/13\/hrave-programovanie-microbit-2\/\" aria-label=\"Pre\u010d\u00edtajte si viac o Hrav\u00e9 programovanie &#8211; micro:bit\">\u010c\u00edta\u0165 viac<\/a><\/p>\n","protected":false},"author":1,"featured_media":0,"comment_status":"open","ping_status":"open","sticky":false,"template":"","format":"image","meta":{"footnotes":""},"categories":[30,26,12,68],"tags":[],"class_list":["post-11453","post","type-post","status-publish","format-image","hentry","category-detske-leto","category-kurz","category-podujatie","category-projekt","post_format-post-format-image"],"_links":{"self":[{"href":"https:\/\/www.krajskakniznicazilina.sk\/index.php\/wp-json\/wp\/v2\/posts\/11453","targetHints":{"allow":["GET"]}}],"collection":[{"href":"https:\/\/www.krajskakniznicazilina.sk\/index.php\/wp-json\/wp\/v2\/posts"}],"about":[{"href":"https:\/\/www.krajskakniznicazilina.sk\/index.php\/wp-json\/wp\/v2\/types\/post"}],"author":[{"embeddable":true,"href":"https:\/\/www.krajskakniznicazilina.sk\/index.php\/wp-json\/wp\/v2\/users\/1"}],"replies":[{"embeddable":true,"href":"https:\/\/www.krajskakniznicazilina.sk\/index.php\/wp-json\/wp\/v2\/comments?post=11453"}],"version-history":[{"count":6,"href":"https:\/\/www.krajskakniznicazilina.sk\/index.php\/wp-json\/wp\/v2\/posts\/11453\/revisions"}],"predecessor-version":[{"id":11572,"href":"https:\/\/www.krajskakniznicazilina.sk\/index.php\/wp-json\/wp\/v2\/posts\/11453\/revisions\/11572"}],"wp:attachment":[{"href":"https:\/\/www.krajskakniznicazilina.sk\/index.php\/wp-json\/wp\/v2\/media?parent=11453"}],"wp:term":[{"taxonomy":"category","embeddable":true,"href":"https:\/\/www.krajskakniznicazilina.sk\/index.php\/wp-json\/wp\/v2\/categories?post=11453"},{"taxonomy":"post_tag","embeddable":true,"href":"https:\/\/www.krajskakniznicazilina.sk\/index.php\/wp-json\/wp\/v2\/tags?post=11453"}],"curies":[{"name":"wp","href":"https:\/\/api.w.org\/{rel}","templated":true}]}}