{"id":11455,"date":"2023-07-20T07:07:11","date_gmt":"2023-07-20T05:07:11","guid":{"rendered":"https:\/\/www.krajskakniznicazilina.sk\/?p=11455"},"modified":"2023-07-20T08:45:23","modified_gmt":"2023-07-20T06:45:23","slug":"hrave-programovanie-3d-tlac","status":"publish","type":"post","link":"https:\/\/www.krajskakniznicazilina.sk\/index.php\/2023\/07\/20\/hrave-programovanie-3d-tlac\/","title":{"rendered":"Hrav\u00e9 programovanie &#8211; 3D tla\u010d"},"content":{"rendered":"<p style=\"text-align: justify;\"><strong><a href=\"https:\/\/www.krajskakniznicazilina.sk\/clanky\/2023\/08\/hrav%C3%A9%20programovanie%20august%202.jpg\"><img decoding=\"async\" class=\"alignleft size-full\" src=\"https:\/\/www.krajskakniznicazilina.sk\/clanky\/2023\/08\/hrav%C3%A9%20programovanie%20august%202.jpg\" width=\"40%\" height=\"40%\" \/><\/a>10.08.2023 o 10:00 &#8211; Hrav\u00e9 programovanie: <\/strong><strong>3D tla\u010d<\/strong><\/p>\n<p style=\"text-align: justify;\">Uk\u00e1\u017eeme si, ako pracuje3D tla\u010diare\u0148. Nau\u010d\u00edme sa ako modelova\u0165 predmety v programe Sketch-up. A na z\u00e1ver si na\u0161e v\u00fdtvory aj vytla\u010d\u00edme. 2-hodinov\u00fd kurz je ur\u010den\u00fd <strong>pre seniorov s vn\u00fa\u010datami<\/strong> (9-13 rokov). Po\u010det miest je obmedzen\u00fd (max 10 os\u00f4b), preto je <strong>potrebn\u00e9 sa vopred prihl\u00e1si\u0165<\/strong> mailom: <strong><a href=\"mailto:projekty@krajskakniznicazilina.sk\">projekty@krajskakniznicazilina.sk<\/a> alebo<\/strong> telefonicky <strong>041\/ 764 56 22<\/strong>.<\/p>\n<p style=\"text-align: justify;\">\u201eProjekt a jeho v\u00fdsledok podporil SK-NIC\u201c<\/p>\n","protected":false},"excerpt":{"rendered":"<p>10.08.2023 o 10:00 &#8211; Hrav\u00e9 programovanie: 3D tla\u010d Uk\u00e1\u017eeme si, ako pracuje3D tla\u010diare\u0148. Nau\u010d\u00edme sa ako modelova\u0165 predmety v programe Sketch-up. A na z\u00e1ver si na\u0161e v\u00fdtvory aj vytla\u010d\u00edme. 2-hodinov\u00fd kurz je ur\u010den\u00fd pre seniorov s vn\u00fa\u010datami (9-13 rokov). Po\u010det miest je obmedzen\u00fd (max 10 os\u00f4b), preto je potrebn\u00e9 sa vopred prihl\u00e1si\u0165 mailom: projekty@krajskakniznicazilina.sk alebo &#8230; <a title=\"Hrav\u00e9 programovanie &#8211; 3D tla\u010d\" class=\"read-more\" href=\"https:\/\/www.krajskakniznicazilina.sk\/index.php\/2023\/07\/20\/hrave-programovanie-3d-tlac\/\" aria-label=\"Pre\u010d\u00edtajte si viac o Hrav\u00e9 programovanie &#8211; 3D tla\u010d\">\u010c\u00edta\u0165 viac<\/a><\/p>\n","protected":false},"author":1,"featured_media":0,"comment_status":"open","ping_status":"open","sticky":false,"template":"","format":"image","meta":{"footnotes":""},"categories":[30,26,12,68],"tags":[],"class_list":["post-11455","post","type-post","status-publish","format-image","hentry","category-detske-leto","category-kurz","category-podujatie","category-projekt","post_format-post-format-image"],"_links":{"self":[{"href":"https:\/\/www.krajskakniznicazilina.sk\/index.php\/wp-json\/wp\/v2\/posts\/11455","targetHints":{"allow":["GET"]}}],"collection":[{"href":"https:\/\/www.krajskakniznicazilina.sk\/index.php\/wp-json\/wp\/v2\/posts"}],"about":[{"href":"https:\/\/www.krajskakniznicazilina.sk\/index.php\/wp-json\/wp\/v2\/types\/post"}],"author":[{"embeddable":true,"href":"https:\/\/www.krajskakniznicazilina.sk\/index.php\/wp-json\/wp\/v2\/users\/1"}],"replies":[{"embeddable":true,"href":"https:\/\/www.krajskakniznicazilina.sk\/index.php\/wp-json\/wp\/v2\/comments?post=11455"}],"version-history":[{"count":3,"href":"https:\/\/www.krajskakniznicazilina.sk\/index.php\/wp-json\/wp\/v2\/posts\/11455\/revisions"}],"predecessor-version":[{"id":11592,"href":"https:\/\/www.krajskakniznicazilina.sk\/index.php\/wp-json\/wp\/v2\/posts\/11455\/revisions\/11592"}],"wp:attachment":[{"href":"https:\/\/www.krajskakniznicazilina.sk\/index.php\/wp-json\/wp\/v2\/media?parent=11455"}],"wp:term":[{"taxonomy":"category","embeddable":true,"href":"https:\/\/www.krajskakniznicazilina.sk\/index.php\/wp-json\/wp\/v2\/categories?post=11455"},{"taxonomy":"post_tag","embeddable":true,"href":"https:\/\/www.krajskakniznicazilina.sk\/index.php\/wp-json\/wp\/v2\/tags?post=11455"}],"curies":[{"name":"wp","href":"https:\/\/api.w.org\/{rel}","templated":true}]}}