{"id":11480,"date":"2023-06-27T07:03:15","date_gmt":"2023-06-27T05:03:15","guid":{"rendered":"https:\/\/www.krajskakniznicazilina.sk\/?p=11480"},"modified":"2023-06-20T09:05:30","modified_gmt":"2023-06-20T07:05:30","slug":"zanikajuca-krasa-slovenskych-domov-vo-vojvodine","status":"publish","type":"post","link":"https:\/\/www.krajskakniznicazilina.sk\/index.php\/2023\/06\/27\/zanikajuca-krasa-slovenskych-domov-vo-vojvodine\/","title":{"rendered":"Zanikaj\u00faca kr\u00e1sa slovensk\u00fdch domov vo Vojvodine \u00a0"},"content":{"rendered":"<p style=\"text-align: justify;\"><a href=\"https:\/\/www.krajskakniznicazilina.sk\/clanky\/2023\/07\/zanikaj%C3%BAca%20kr%C3%A1sa.jpg\"><img decoding=\"async\" class=\"alignleft size-full\" src=\"https:\/\/www.krajskakniznicazilina.sk\/clanky\/2023\/07\/zanikaj%C3%BAca%20kr%C3%A1sa.jpg\" width=\"40%\" height=\"40%\" \/><\/a>Ondrej Mih\u00e1\u013e sa narodil v slovensko-srbskej dedine Silba\u0161 vo Vojvodine a do Kanady emigroval ke\u010f mal jeden\u00e1s\u0165 rokov. Nap\u00edsal viacero dvojjazy\u010dn\u00fdch kn\u00edh o \u017eivote Slov\u00e1kov v Kanade, o ich zvykoch, \u010di n\u00e1bo\u017eenskom \u017eivote. Kniha <strong>Zanikaj\u00faca kr\u00e1sa slovensk\u00fdch domov vo Vojvodine<\/strong> je prvou \u010das\u0165ou pl\u00e1novanej dvojdielnej publik\u00e1cie venovanej kr\u00e1snej klasickej architekt\u00fare slovensk\u00fdch domov v tejto oblasti, ktor\u00e1 sa postupne vytr\u00e1ca. Kniha \u201cZanikaj\u00faca kr\u00e1sa slovensk\u00fdch domov vo Vojvodine II\u201d je druhou \u010das\u0165ou pl\u00e1novanej dvojdielnej publik\u00e1cie venovanej kr\u00e1sam klasickej architekt\u00fary slovensk\u00fdch domov vojvodinskej oblasti, ktor\u00e1 sa postupne vytr\u00e1ca. Prezentovan\u00e9 bud\u00fa dva zv\u00e4zky jednej my\u0161lienky &#8211; teda dve knihy. Prv\u00e1 bola publikovan\u00e1 v roku 2008 a druh\u00e1 v roku 2021. Pr\u00ed\u010fte stretn\u00fa\u0165 autora knihy v stredu <strong>12. j\u00fala o 17:00<\/strong> do Krajskej kni\u017enice \u017dilina. Te\u0161\u00edme sa.<\/p>\n","protected":false},"excerpt":{"rendered":"<p>Ondrej Mih\u00e1\u013e sa narodil v slovensko-srbskej dedine Silba\u0161 vo Vojvodine a do Kanady emigroval ke\u010f mal jeden\u00e1s\u0165 rokov. Nap\u00edsal viacero dvojjazy\u010dn\u00fdch kn\u00edh o \u017eivote Slov\u00e1kov v Kanade, o ich zvykoch, \u010di n\u00e1bo\u017eenskom \u017eivote. Kniha Zanikaj\u00faca kr\u00e1sa slovensk\u00fdch domov vo Vojvodine je prvou \u010das\u0165ou pl\u00e1novanej dvojdielnej publik\u00e1cie venovanej kr\u00e1snej klasickej architekt\u00fare slovensk\u00fdch domov v tejto oblasti, &#8230; <a title=\"Zanikaj\u00faca kr\u00e1sa slovensk\u00fdch domov vo Vojvodine \u00a0\" class=\"read-more\" href=\"https:\/\/www.krajskakniznicazilina.sk\/index.php\/2023\/06\/27\/zanikajuca-krasa-slovenskych-domov-vo-vojvodine\/\" aria-label=\"Pre\u010d\u00edtajte si viac o Zanikaj\u00faca kr\u00e1sa slovensk\u00fdch domov vo Vojvodine \u00a0\">\u010c\u00edta\u0165 viac<\/a><\/p>\n","protected":false},"author":1,"featured_media":0,"comment_status":"open","ping_status":"open","sticky":false,"template":"","format":"image","meta":{"footnotes":""},"categories":[24,12],"tags":[],"class_list":["post-11480","post","type-post","status-publish","format-image","hentry","category-beseda","category-podujatie","post_format-post-format-image"],"_links":{"self":[{"href":"https:\/\/www.krajskakniznicazilina.sk\/index.php\/wp-json\/wp\/v2\/posts\/11480","targetHints":{"allow":["GET"]}}],"collection":[{"href":"https:\/\/www.krajskakniznicazilina.sk\/index.php\/wp-json\/wp\/v2\/posts"}],"about":[{"href":"https:\/\/www.krajskakniznicazilina.sk\/index.php\/wp-json\/wp\/v2\/types\/post"}],"author":[{"embeddable":true,"href":"https:\/\/www.krajskakniznicazilina.sk\/index.php\/wp-json\/wp\/v2\/users\/1"}],"replies":[{"embeddable":true,"href":"https:\/\/www.krajskakniznicazilina.sk\/index.php\/wp-json\/wp\/v2\/comments?post=11480"}],"version-history":[{"count":1,"href":"https:\/\/www.krajskakniznicazilina.sk\/index.php\/wp-json\/wp\/v2\/posts\/11480\/revisions"}],"predecessor-version":[{"id":11481,"href":"https:\/\/www.krajskakniznicazilina.sk\/index.php\/wp-json\/wp\/v2\/posts\/11480\/revisions\/11481"}],"wp:attachment":[{"href":"https:\/\/www.krajskakniznicazilina.sk\/index.php\/wp-json\/wp\/v2\/media?parent=11480"}],"wp:term":[{"taxonomy":"category","embeddable":true,"href":"https:\/\/www.krajskakniznicazilina.sk\/index.php\/wp-json\/wp\/v2\/categories?post=11480"},{"taxonomy":"post_tag","embeddable":true,"href":"https:\/\/www.krajskakniznicazilina.sk\/index.php\/wp-json\/wp\/v2\/tags?post=11480"}],"curies":[{"name":"wp","href":"https:\/\/api.w.org\/{rel}","templated":true}]}}