{"id":11499,"date":"2023-06-28T07:03:37","date_gmt":"2023-06-28T05:03:37","guid":{"rendered":"https:\/\/www.krajskakniznicazilina.sk\/?p=11499"},"modified":"2023-06-29T14:39:40","modified_gmt":"2023-06-29T12:39:40","slug":"leto-s-mackom-teddy-eddie","status":"publish","type":"post","link":"https:\/\/www.krajskakniznicazilina.sk\/index.php\/2023\/06\/28\/leto-s-mackom-teddy-eddie\/","title":{"rendered":"Leto s mackom Teddy Eddie"},"content":{"rendered":"<p style=\"text-align: justify;\"><a href=\"https:\/\/www.krajskakniznicazilina.sk\/clanky\/2023\/07\/teddy%20eng.jpg\"><img decoding=\"async\" class=\"alignleft size-full\" src=\"https:\/\/www.krajskakniznicazilina.sk\/clanky\/2023\/07\/teddy%20eng.jpg\" width=\"40%\" height=\"40%\" \/><\/a>V lete bude \u010daka\u0165 na deti roztopa\u0161n\u00fd medved\u00edk Teddy Eddie, ktor\u00fd rozpr\u00e1va iba po anglicky. Sp\u00ed v p\u00e1chnucej pono\u017eke a l\u00e1ka deti u\u010di\u0165 sa angli\u010dtinu. Jeho met\u00f3da je hrav\u00e1 a vesel\u00e1, preto\u017ee medved\u00edk rozumie detsk\u00e9mu humoru. Prin\u00e1\u0161a met\u00f3du, ktor\u00e1 bola nominovan\u00e1 na prest\u00ed\u017ene ocenenie Eltons Awards v inov\u00e1ci\u00e1ch vo v\u00fdu\u010dbe jazykov. Nev\u00e1hajte a pripojte sa s\u00a0de\u0165mi vo veku <strong>od 3 do 6 rokov ka\u017ed\u00fa stredu (od 12. j\u00fala) <\/strong><strong>o\u00a010:30<\/strong> v Krajskej kni\u017enici v \u017diline. Uk\u00e1\u017ekov\u00e9 hodiny angli\u010dtiny s\u00fa <strong>ZADARMO<\/strong> (v trvan\u00ed 25 min\u00fat) a sprostredkuje ich jazykov\u00e9 \u0161t\u00fadio <strong>KIWI<\/strong> .<\/p>\n<p style=\"text-align: justify;\">Na hodiny je nutn\u00e9 sa vopred prihl\u00e1si\u0165 cez formul\u00e1r (max. po\u010det na jedno podujatie je 10 det\u00ed):<\/p>\n<ul>\n<li style=\"text-align: justify;\">12. j\u00fala &#8211; <a href=\"https:\/\/forms.gle\/bjcVYUCanWUZt5MR6\">https:\/\/forms.gle\/bjcVYUCanWUZt5MR6<\/a><\/li>\n<li>19. j\u00fala &#8211; <a href=\"https:\/\/forms.gle\/5XyrW8TeeWJPDgQB6\">https:\/\/forms.gle\/5XyrW8TeeWJPDgQB6<\/a><\/li>\n<li>26. j\u00fala &#8211; <a href=\"https:\/\/forms.gle\/6i4KATvViFAL1STV8\">https:\/\/forms.gle\/6i4KATvViFAL1STV8<\/a><\/li>\n<li style=\"text-align: justify;\">2. augusta &#8211; <a href=\"https:\/\/forms.gle\/sXSgYse86Chq3Rfs6\">https:\/\/forms.gle\/sXSgYse86Chq3Rfs6<\/a><\/li>\n<li style=\"text-align: justify;\">9. augusta- <a href=\"https:\/\/forms.gle\/L9cM6mrXq5kKQyDv9\">https:\/\/forms.gle\/L9cM6mrXq5kKQyDv9<\/a><\/li>\n<li style=\"text-align: justify;\">16. augusta &#8211; <a href=\"https:\/\/forms.gle\/Ka26iedaKucyzn7g7\">https:\/\/forms.gle\/Ka26iedaKucyzn7g7<\/a><\/li>\n<li style=\"text-align: justify;\">23. augusta &#8211; <a href=\"https:\/\/forms.gle\/5oaXnWbPEVDk8j7y5\">https:\/\/forms.gle\/5oaXnWbPEVDk8j7y5<\/a><\/li>\n<li style=\"text-align: justify;\">30. augusta &#8211; <a href=\"https:\/\/forms.gle\/HTqaMuttZcqNNT4HA\">https:\/\/forms.gle\/HTqaMuttZcqNNT4HA<\/a><\/li>\n<\/ul>\n<p><!--more--><img decoding=\"async\" class=\"size-full wp-image-11524 alignleft\" src=\"https:\/\/www.krajskakniznicazilina.sk\/wp-content\/uploads\/2023\/06\/TEED1.jpg\" alt=\"\" width=\"35%\" height=\"35%\" \/><\/p>\n","protected":false},"excerpt":{"rendered":"<p>V lete bude \u010daka\u0165 na deti roztopa\u0161n\u00fd medved\u00edk Teddy Eddie, ktor\u00fd rozpr\u00e1va iba po anglicky. Sp\u00ed v p\u00e1chnucej pono\u017eke a l\u00e1ka deti u\u010di\u0165 sa angli\u010dtinu. Jeho met\u00f3da je hrav\u00e1 a vesel\u00e1, preto\u017ee medved\u00edk rozumie detsk\u00e9mu humoru. Prin\u00e1\u0161a met\u00f3du, ktor\u00e1 bola nominovan\u00e1 na prest\u00ed\u017ene ocenenie Eltons Awards v inov\u00e1ci\u00e1ch vo v\u00fdu\u010dbe jazykov. Nev\u00e1hajte a pripojte sa &#8230; <a title=\"Leto s mackom Teddy Eddie\" class=\"read-more\" href=\"https:\/\/www.krajskakniznicazilina.sk\/index.php\/2023\/06\/28\/leto-s-mackom-teddy-eddie\/\" aria-label=\"Pre\u010d\u00edtajte si viac o Leto s mackom Teddy Eddie\">\u010c\u00edta\u0165 viac<\/a><\/p>\n","protected":false},"author":1,"featured_media":0,"comment_status":"open","ping_status":"open","sticky":false,"template":"","format":"image","meta":{"footnotes":""},"categories":[30,26,12,73],"tags":[],"class_list":["post-11499","post","type-post","status-publish","format-image","hentry","category-detske-leto","category-kurz","category-podujatie","category-pre-deti","post_format-post-format-image"],"_links":{"self":[{"href":"https:\/\/www.krajskakniznicazilina.sk\/index.php\/wp-json\/wp\/v2\/posts\/11499","targetHints":{"allow":["GET"]}}],"collection":[{"href":"https:\/\/www.krajskakniznicazilina.sk\/index.php\/wp-json\/wp\/v2\/posts"}],"about":[{"href":"https:\/\/www.krajskakniznicazilina.sk\/index.php\/wp-json\/wp\/v2\/types\/post"}],"author":[{"embeddable":true,"href":"https:\/\/www.krajskakniznicazilina.sk\/index.php\/wp-json\/wp\/v2\/users\/1"}],"replies":[{"embeddable":true,"href":"https:\/\/www.krajskakniznicazilina.sk\/index.php\/wp-json\/wp\/v2\/comments?post=11499"}],"version-history":[{"count":6,"href":"https:\/\/www.krajskakniznicazilina.sk\/index.php\/wp-json\/wp\/v2\/posts\/11499\/revisions"}],"predecessor-version":[{"id":11528,"href":"https:\/\/www.krajskakniznicazilina.sk\/index.php\/wp-json\/wp\/v2\/posts\/11499\/revisions\/11528"}],"wp:attachment":[{"href":"https:\/\/www.krajskakniznicazilina.sk\/index.php\/wp-json\/wp\/v2\/media?parent=11499"}],"wp:term":[{"taxonomy":"category","embeddable":true,"href":"https:\/\/www.krajskakniznicazilina.sk\/index.php\/wp-json\/wp\/v2\/categories?post=11499"},{"taxonomy":"post_tag","embeddable":true,"href":"https:\/\/www.krajskakniznicazilina.sk\/index.php\/wp-json\/wp\/v2\/tags?post=11499"}],"curies":[{"name":"wp","href":"https:\/\/api.w.org\/{rel}","templated":true}]}}