{"id":11635,"date":"2023-08-07T06:52:35","date_gmt":"2023-08-07T04:52:35","guid":{"rendered":"https:\/\/www.krajskakniznicazilina.sk\/?p=11635"},"modified":"2023-08-11T07:15:31","modified_gmt":"2023-08-11T05:15:31","slug":"objavte-3d-tlac-v-krajskej-kniznici-v-ziline","status":"publish","type":"post","link":"https:\/\/www.krajskakniznicazilina.sk\/index.php\/2023\/08\/07\/objavte-3d-tlac-v-krajskej-kniznici-v-ziline\/","title":{"rendered":"Objavte 3D tla\u010d v Krajskej kni\u017enici v \u017diline"},"content":{"rendered":"<p style=\"text-align: justify;\"><a href=\"https:\/\/www.krajskakniznicazilina.sk\/menu\/sluz\/3D%20tla%C4%8D\/tlaciarne.JPG\"><img decoding=\"async\" class=\"alignright size-full\" src=\"https:\/\/www.krajskakniznicazilina.sk\/menu\/sluz\/3D%20tla%C4%8D\/tlaciarne.JPG\" width=\"35%\" height=\"35%\" \/><\/a>Te\u0161\u00edme sa, \u017ee v\u00e1m m\u00f4\u017eeme ozn\u00e1mi\u0165, \u017ee sme roz\u0161\u00edrili na\u0161e slu\u017eby o 3D tla\u010d. Sta\u010d\u00ed, aby ste boli registrovan\u00fdmi \u010ditate\u013emi a m\u00f4\u017eete si objedna\u0165 tla\u010d v\u00e1\u0161ho 3D modelu.<\/p>\n<p style=\"text-align: justify;\">3D tla\u010d je skvel\u00fd sp\u00f4sob, ako si vytvori\u0165 vlastn\u00e9 predmety a modely. Vyu\u017e\u00edva adit\u00edvny v\u00fdrobn\u00fd proces, ktor\u00fd v\u00e1m umo\u017en\u00ed vytvori\u0165 skuto\u010dn\u00e9 3D objekty z va\u0161ich n\u00e1padov. Vy si vytvor\u00edte model a my ho vytla\u010d\u00edme. <strong>Uv\u00e1dzacia cena za polhodinu<\/strong> <strong>tla\u010de<\/strong> je <strong>0,50\u20ac<\/strong>. Plati\u0165 je mo\u017en\u00e9 pri prevzat\u00ed hotov\u00e9ho v\u00fdrobku na centr\u00e1lnom pulte.<\/p>\n<p style=\"text-align: justify;\">Pon\u00fakame v\u00e1m unik\u00e1tnu pr\u00edle\u017eitos\u0165 vyu\u017ei\u0165 3D tla\u010d a necha\u0165 sa in\u0161pirova\u0165 kreat\u00edvnymi n\u00e1padmi. Objavte nov\u00fa dimenziu v\u00fdroby!<\/p>\n<p style=\"text-align: justify;\"><strong>Ako to funguje?<\/strong><!--more--><\/p>\n<p style=\"text-align: justify;\">Model z\u00edskate online, alebo si ho vytvor\u00edte sami. <strong>Po\u0161lete<\/strong> n\u00e1m <strong>model<\/strong> vo form\u00e1te<strong> .stl<\/strong> e-mailom na<strong> <a href=\"mailto:projekty@krajskakniznicazilina.sk\">projekty@krajskakniznicazilina.sk<\/a><\/strong>\u00a0Ur\u010d\u00edte po\u017eadovan\u00fa ve\u013ekos\u0165 a farbu. My sa postar\u00e1me o zvy\u0161ok!<\/p>\n<p style=\"text-align: justify;\"><strong>\u010co sa d\u00e1 tla\u010di\u0165?<\/strong><\/p>\n<p style=\"text-align: justify;\">Mo\u017enost\u00ed je nekone\u010dne ve\u013ea! Tla\u010d\u00edme pr\u00edvesky, fig\u00farky, n\u00e1hradn\u00e9 diely, ozdobn\u00e9 z\u00e1pichy, vykrajova\u010dky, a mnoho \u010fal\u0161\u00edch vec\u00ed. Fant\u00e1zii sa medze neklad\u00fa!<\/p>\n<p style=\"text-align: justify;\">Kontaktujte n\u00e1s na <a href=\"mailto:projekty@krajskakniznicazilina.sk\">projekty@krajskakniznicazilina.sk<\/a> a objednajte si svoj vlastn\u00fd 3D v\u00fdrobok. <strong>(<a href=\"https:\/\/www.krajskakniznicazilina.sk\/index.php\/sluzby\/3d-tlac\/\">kompletn\u00e9 pravidl\u00e1<\/a><\/strong>)<\/p>\n","protected":false},"excerpt":{"rendered":"<p>Te\u0161\u00edme sa, \u017ee v\u00e1m m\u00f4\u017eeme ozn\u00e1mi\u0165, \u017ee sme roz\u0161\u00edrili na\u0161e slu\u017eby o 3D tla\u010d. Sta\u010d\u00ed, aby ste boli registrovan\u00fdmi \u010ditate\u013emi a m\u00f4\u017eete si objedna\u0165 tla\u010d v\u00e1\u0161ho 3D modelu. 3D tla\u010d je skvel\u00fd sp\u00f4sob, ako si vytvori\u0165 vlastn\u00e9 predmety a modely. Vyu\u017e\u00edva adit\u00edvny v\u00fdrobn\u00fd proces, ktor\u00fd v\u00e1m umo\u017en\u00ed vytvori\u0165 skuto\u010dn\u00e9 3D objekty z va\u0161ich n\u00e1padov. Vy &#8230; <a title=\"Objavte 3D tla\u010d v Krajskej kni\u017enici v \u017diline\" class=\"read-more\" href=\"https:\/\/www.krajskakniznicazilina.sk\/index.php\/2023\/08\/07\/objavte-3d-tlac-v-krajskej-kniznici-v-ziline\/\" aria-label=\"Pre\u010d\u00edtajte si viac o Objavte 3D tla\u010d v Krajskej kni\u017enici v \u017diline\">\u010c\u00edta\u0165 viac<\/a><\/p>\n","protected":false},"author":1,"featured_media":0,"comment_status":"open","ping_status":"open","sticky":false,"template":"","format":"image","meta":{"footnotes":""},"categories":[1,74],"tags":[],"class_list":["post-11635","post","type-post","status-publish","format-image","hentry","category-oznam","category-makerspace","post_format-post-format-image"],"_links":{"self":[{"href":"https:\/\/www.krajskakniznicazilina.sk\/index.php\/wp-json\/wp\/v2\/posts\/11635","targetHints":{"allow":["GET"]}}],"collection":[{"href":"https:\/\/www.krajskakniznicazilina.sk\/index.php\/wp-json\/wp\/v2\/posts"}],"about":[{"href":"https:\/\/www.krajskakniznicazilina.sk\/index.php\/wp-json\/wp\/v2\/types\/post"}],"author":[{"embeddable":true,"href":"https:\/\/www.krajskakniznicazilina.sk\/index.php\/wp-json\/wp\/v2\/users\/1"}],"replies":[{"embeddable":true,"href":"https:\/\/www.krajskakniznicazilina.sk\/index.php\/wp-json\/wp\/v2\/comments?post=11635"}],"version-history":[{"count":6,"href":"https:\/\/www.krajskakniznicazilina.sk\/index.php\/wp-json\/wp\/v2\/posts\/11635\/revisions"}],"predecessor-version":[{"id":11687,"href":"https:\/\/www.krajskakniznicazilina.sk\/index.php\/wp-json\/wp\/v2\/posts\/11635\/revisions\/11687"}],"wp:attachment":[{"href":"https:\/\/www.krajskakniznicazilina.sk\/index.php\/wp-json\/wp\/v2\/media?parent=11635"}],"wp:term":[{"taxonomy":"category","embeddable":true,"href":"https:\/\/www.krajskakniznicazilina.sk\/index.php\/wp-json\/wp\/v2\/categories?post=11635"},{"taxonomy":"post_tag","embeddable":true,"href":"https:\/\/www.krajskakniznicazilina.sk\/index.php\/wp-json\/wp\/v2\/tags?post=11635"}],"curies":[{"name":"wp","href":"https:\/\/api.w.org\/{rel}","templated":true}]}}