{"id":11825,"date":"2023-09-11T09:42:08","date_gmt":"2023-09-11T07:42:08","guid":{"rendered":"https:\/\/www.krajskakniznicazilina.sk\/?p=11825"},"modified":"2023-09-11T09:42:08","modified_gmt":"2023-09-11T07:42:08","slug":"folklorny-subor-nezabudka-ako-sucast-kulturneho-dedicstva-nasich-predkov","status":"publish","type":"post","link":"https:\/\/www.krajskakniznicazilina.sk\/index.php\/2023\/09\/11\/folklorny-subor-nezabudka-ako-sucast-kulturneho-dedicstva-nasich-predkov\/","title":{"rendered":"Folkl\u00f3rny s\u00fabor Nez\u00e1budka ako s\u00fa\u010das\u0165 kult\u00farneho dedi\u010dstva na\u0161ich predkov"},"content":{"rendered":"<p style=\"text-align: justify;\"><a href=\"https:\/\/www.krajskakniznicazilina.sk\/clanky\/2023\/09\/dekd%20%E2%80%93%20fsn.jpg\"><img decoding=\"async\" class=\"alignleft size-full\" src=\"https:\/\/www.krajskakniznicazilina.sk\/clanky\/2023\/09\/dekd%20%E2%80%93%20fsn.jpg\" width=\"40%\" height=\"40%\" \/><\/a>Nezabudnute\u013en\u00e9 vyst\u00fapenie folkl\u00f3rneho s\u00faboru Nez\u00e1budka z Centra soci\u00e1lnych slu\u017eieb TAU Turie v\u00e1s prenesie do hist\u00f3rie a pribl\u00ed\u017ei slovensk\u00e9 kult\u00farne dedi\u010dstvo. Obdivuhodn\u00e9 pestr\u00e9 kroje, tance a \u017eiv\u00e9 mel\u00f3die zas pripomen\u00fa d\u00f4myselnos\u0165 na\u0161ich predkov a bohat\u00fa kult\u00faru na\u0161ej krajiny. S\u00fa\u010das\u0165ou podujatia bud\u00fa aj uk\u00e1\u017eky pali\u010dkovanej \u010dipky, ktor\u00e9 predved\u00fa \u010dlenky Klubu pali\u010dkovanej \u010dipky z obce Turie. To v\u0161etko m\u00f4\u017eete vidie\u0165 v na\u0161ej kni\u017enici v stredu <strong>13. septembra o 16:00<\/strong>.<\/p>\n<p>Podujatie pripraven\u00e9 pri pr\u00edle\u017eitosti Dn\u00ed eur\u00f3pskeho kult\u00farneho dedi\u010dstva 2023 t\u00e9mou je \u201eDedi\u010dstvo \u017ei!\u201c.<\/p>\n","protected":false},"excerpt":{"rendered":"<p>Nezabudnute\u013en\u00e9 vyst\u00fapenie folkl\u00f3rneho s\u00faboru Nez\u00e1budka z Centra soci\u00e1lnych slu\u017eieb TAU Turie v\u00e1s prenesie do hist\u00f3rie a pribl\u00ed\u017ei slovensk\u00e9 kult\u00farne dedi\u010dstvo. Obdivuhodn\u00e9 pestr\u00e9 kroje, tance a \u017eiv\u00e9 mel\u00f3die zas pripomen\u00fa d\u00f4myselnos\u0165 na\u0161ich predkov a bohat\u00fa kult\u00faru na\u0161ej krajiny. S\u00fa\u010das\u0165ou podujatia bud\u00fa aj uk\u00e1\u017eky pali\u010dkovanej \u010dipky, ktor\u00e9 predved\u00fa \u010dlenky Klubu pali\u010dkovanej \u010dipky z obce Turie. To v\u0161etko &#8230; <a title=\"Folkl\u00f3rny s\u00fabor Nez\u00e1budka ako s\u00fa\u010das\u0165 kult\u00farneho dedi\u010dstva na\u0161ich predkov\" class=\"read-more\" href=\"https:\/\/www.krajskakniznicazilina.sk\/index.php\/2023\/09\/11\/folklorny-subor-nezabudka-ako-sucast-kulturneho-dedicstva-nasich-predkov\/\" aria-label=\"Pre\u010d\u00edtajte si viac o Folkl\u00f3rny s\u00fabor Nez\u00e1budka ako s\u00fa\u010das\u0165 kult\u00farneho dedi\u010dstva na\u0161ich predkov\">\u010c\u00edta\u0165 viac<\/a><\/p>\n","protected":false},"author":1,"featured_media":0,"comment_status":"open","ping_status":"open","sticky":false,"template":"","format":"image","meta":{"footnotes":""},"categories":[12],"tags":[],"class_list":["post-11825","post","type-post","status-publish","format-image","hentry","category-podujatie","post_format-post-format-image"],"_links":{"self":[{"href":"https:\/\/www.krajskakniznicazilina.sk\/index.php\/wp-json\/wp\/v2\/posts\/11825","targetHints":{"allow":["GET"]}}],"collection":[{"href":"https:\/\/www.krajskakniznicazilina.sk\/index.php\/wp-json\/wp\/v2\/posts"}],"about":[{"href":"https:\/\/www.krajskakniznicazilina.sk\/index.php\/wp-json\/wp\/v2\/types\/post"}],"author":[{"embeddable":true,"href":"https:\/\/www.krajskakniznicazilina.sk\/index.php\/wp-json\/wp\/v2\/users\/1"}],"replies":[{"embeddable":true,"href":"https:\/\/www.krajskakniznicazilina.sk\/index.php\/wp-json\/wp\/v2\/comments?post=11825"}],"version-history":[{"count":2,"href":"https:\/\/www.krajskakniznicazilina.sk\/index.php\/wp-json\/wp\/v2\/posts\/11825\/revisions"}],"predecessor-version":[{"id":11827,"href":"https:\/\/www.krajskakniznicazilina.sk\/index.php\/wp-json\/wp\/v2\/posts\/11825\/revisions\/11827"}],"wp:attachment":[{"href":"https:\/\/www.krajskakniznicazilina.sk\/index.php\/wp-json\/wp\/v2\/media?parent=11825"}],"wp:term":[{"taxonomy":"category","embeddable":true,"href":"https:\/\/www.krajskakniznicazilina.sk\/index.php\/wp-json\/wp\/v2\/categories?post=11825"},{"taxonomy":"post_tag","embeddable":true,"href":"https:\/\/www.krajskakniznicazilina.sk\/index.php\/wp-json\/wp\/v2\/tags?post=11825"}],"curies":[{"name":"wp","href":"https:\/\/api.w.org\/{rel}","templated":true}]}}