{"id":11831,"date":"2023-09-12T07:01:06","date_gmt":"2023-09-12T05:01:06","guid":{"rendered":"https:\/\/www.krajskakniznicazilina.sk\/?p=11831"},"modified":"2023-09-11T14:02:44","modified_gmt":"2023-09-11T12:02:44","slug":"zilinsky-den-zdravia-2023","status":"publish","type":"post","link":"https:\/\/www.krajskakniznicazilina.sk\/index.php\/2023\/09\/12\/zilinsky-den-zdravia-2023\/","title":{"rendered":"\u017dilinsk\u00fd de\u0148 zdravia 2023"},"content":{"rendered":"<p style=\"text-align: justify;\">Ani tento rok nevynech\u00e1me \u00fa\u010das\u0165 na \u017dilinskom dni zdravia, ktor\u00fd sa bude kona\u0165 <strong>21.9.2023<\/strong>. Bud\u00faci \u0161tvrtok sa stretneme na Mari\u00e1nskom n\u00e1mest\u00ed od 10:00.<\/p>\n<p><a href=\"https:\/\/www.krajskakniznicazilina.sk\/clanky\/2023\/09\/%C5%BDDZ%202023.jpg\"><img decoding=\"async\" class=\"aligncenter size-full\" src=\"https:\/\/www.krajskakniznicazilina.sk\/clanky\/2023\/09\/%C5%BDDZ%202023.jpg\" width=\"30%\" height=\"30%\" \/><\/a><\/p>\n","protected":false},"excerpt":{"rendered":"<p>Ani tento rok nevynech\u00e1me \u00fa\u010das\u0165 na \u017dilinskom dni zdravia, ktor\u00fd sa bude kona\u0165 21.9.2023. Bud\u00faci \u0161tvrtok sa stretneme na Mari\u00e1nskom n\u00e1mest\u00ed od 10:00.<\/p>\n","protected":false},"author":1,"featured_media":0,"comment_status":"open","ping_status":"open","sticky":false,"template":"","format":"image","meta":{"footnotes":""},"categories":[27],"tags":[],"class_list":["post-11831","post","type-post","status-publish","format-image","hentry","category-pozvanka-z-regionov","post_format-post-format-image"],"_links":{"self":[{"href":"https:\/\/www.krajskakniznicazilina.sk\/index.php\/wp-json\/wp\/v2\/posts\/11831","targetHints":{"allow":["GET"]}}],"collection":[{"href":"https:\/\/www.krajskakniznicazilina.sk\/index.php\/wp-json\/wp\/v2\/posts"}],"about":[{"href":"https:\/\/www.krajskakniznicazilina.sk\/index.php\/wp-json\/wp\/v2\/types\/post"}],"author":[{"embeddable":true,"href":"https:\/\/www.krajskakniznicazilina.sk\/index.php\/wp-json\/wp\/v2\/users\/1"}],"replies":[{"embeddable":true,"href":"https:\/\/www.krajskakniznicazilina.sk\/index.php\/wp-json\/wp\/v2\/comments?post=11831"}],"version-history":[{"count":1,"href":"https:\/\/www.krajskakniznicazilina.sk\/index.php\/wp-json\/wp\/v2\/posts\/11831\/revisions"}],"predecessor-version":[{"id":11832,"href":"https:\/\/www.krajskakniznicazilina.sk\/index.php\/wp-json\/wp\/v2\/posts\/11831\/revisions\/11832"}],"wp:attachment":[{"href":"https:\/\/www.krajskakniznicazilina.sk\/index.php\/wp-json\/wp\/v2\/media?parent=11831"}],"wp:term":[{"taxonomy":"category","embeddable":true,"href":"https:\/\/www.krajskakniznicazilina.sk\/index.php\/wp-json\/wp\/v2\/categories?post=11831"},{"taxonomy":"post_tag","embeddable":true,"href":"https:\/\/www.krajskakniznicazilina.sk\/index.php\/wp-json\/wp\/v2\/tags?post=11831"}],"curies":[{"name":"wp","href":"https:\/\/api.w.org\/{rel}","templated":true}]}}