{"id":11833,"date":"2023-09-13T06:50:33","date_gmt":"2023-09-13T04:50:33","guid":{"rendered":"https:\/\/www.krajskakniznicazilina.sk\/?p=11833"},"modified":"2023-09-13T06:49:58","modified_gmt":"2023-09-13T04:49:58","slug":"osmijankova-literarna-zahrada","status":"publish","type":"post","link":"https:\/\/www.krajskakniznicazilina.sk\/index.php\/2023\/09\/13\/osmijankova-literarna-zahrada\/","title":{"rendered":"Osmijankova liter\u00e1rna z\u00e1hrada"},"content":{"rendered":"<p style=\"text-align: justify;\"><a href=\"https:\/\/www.krajskakniznicazilina.sk\/clanky\/2023\/09\/osmijankova%20z%C3%A1hrada.jpg\"><img decoding=\"async\" class=\"alignleft size-full\" src=\"https:\/\/www.krajskakniznicazilina.sk\/clanky\/2023\/09\/osmijankova%20z%C3%A1hrada.jpg\" width=\"40%\" height=\"40%\" \/><\/a>Putovn\u00e1 v\u00fdstava Osmijankova liter\u00e1rna z\u00e1hrada je kreat\u00edvnou \u010dit\u00e1r\u0148ou, v ktorej n\u00e1v\u0161tevn\u00edci &#8222;sadia&#8220; semienka svojho \u010ditate\u013estva. Cel\u00e1 expoz\u00edcia je prisp\u00f4soben\u00e1 veku die\u0165a\u0165a. \u00a0Osmijanko z liter\u00e1rnej z\u00e1hrady prich\u00e1dza medzi deti priamo z rozpr\u00e1vok, aby im prostredn\u00edctvom v\u00fdstavy pon\u00fakol kopec z\u00e1bavy a rozpr\u00e1vkov\u00fdch pr\u00edbehov v r\u00f4znych form\u00e1ch. \u00a0Postava Osmijanka svojimi b\u00e1sni\u010dkami, h\u00e1dankami, poves\u0165ami \u010di b\u00e1jkami in\u0161piruje k \u010d\u00edtaniu a rozv\u00edjaniu kreativity \u010di chuti tvori\u0165. Prostredn\u00edctvom interakt\u00edvnych objektov, ktor\u00e9 navrhla slovensk\u00e1 sc\u00e9nografka Na\u010fa Salbotov\u00e1, sa mal\u00ed aj ve\u013ek\u00ed \u010ditatelia hrav\u00fdm, z\u00e1\u017eitkov\u00fdm sp\u00f4sobom zoznamuj\u00fa s jednotliv\u00fdmi liter\u00e1rnymi \u017e\u00e1nrami, kni\u017en\u00fdmi dielami zo slovensk\u00fdch vydavate\u013estiev.<\/p>\n<p style=\"text-align: justify;\">V\u00fdstavu poskytla neziskov\u00e1 organiz\u00e1cia Osmijanko. Krajsk\u00e1 kni\u017enica v\u00a0\u017diline \u010fakuje B\u00e1bkov\u00e9mu divadlu \u017dilina za prevoz v\u00fdstavy.<\/p>\n","protected":false},"excerpt":{"rendered":"<p>Putovn\u00e1 v\u00fdstava Osmijankova liter\u00e1rna z\u00e1hrada je kreat\u00edvnou \u010dit\u00e1r\u0148ou, v ktorej n\u00e1v\u0161tevn\u00edci &#8222;sadia&#8220; semienka svojho \u010ditate\u013estva. Cel\u00e1 expoz\u00edcia je prisp\u00f4soben\u00e1 veku die\u0165a\u0165a. \u00a0Osmijanko z liter\u00e1rnej z\u00e1hrady prich\u00e1dza medzi deti priamo z rozpr\u00e1vok, aby im prostredn\u00edctvom v\u00fdstavy pon\u00fakol kopec z\u00e1bavy a rozpr\u00e1vkov\u00fdch pr\u00edbehov v r\u00f4znych form\u00e1ch. \u00a0Postava Osmijanka svojimi b\u00e1sni\u010dkami, h\u00e1dankami, poves\u0165ami \u010di b\u00e1jkami in\u0161piruje k \u010d\u00edtaniu &#8230; <a title=\"Osmijankova liter\u00e1rna z\u00e1hrada\" class=\"read-more\" href=\"https:\/\/www.krajskakniznicazilina.sk\/index.php\/2023\/09\/13\/osmijankova-literarna-zahrada\/\" aria-label=\"Pre\u010d\u00edtajte si viac o Osmijankova liter\u00e1rna z\u00e1hrada\">\u010c\u00edta\u0165 viac<\/a><\/p>\n","protected":false},"author":1,"featured_media":0,"comment_status":"open","ping_status":"open","sticky":false,"template":"","format":"image","meta":{"footnotes":""},"categories":[15],"tags":[],"class_list":["post-11833","post","type-post","status-publish","format-image","hentry","category-vystava","post_format-post-format-image"],"_links":{"self":[{"href":"https:\/\/www.krajskakniznicazilina.sk\/index.php\/wp-json\/wp\/v2\/posts\/11833","targetHints":{"allow":["GET"]}}],"collection":[{"href":"https:\/\/www.krajskakniznicazilina.sk\/index.php\/wp-json\/wp\/v2\/posts"}],"about":[{"href":"https:\/\/www.krajskakniznicazilina.sk\/index.php\/wp-json\/wp\/v2\/types\/post"}],"author":[{"embeddable":true,"href":"https:\/\/www.krajskakniznicazilina.sk\/index.php\/wp-json\/wp\/v2\/users\/1"}],"replies":[{"embeddable":true,"href":"https:\/\/www.krajskakniznicazilina.sk\/index.php\/wp-json\/wp\/v2\/comments?post=11833"}],"version-history":[{"count":1,"href":"https:\/\/www.krajskakniznicazilina.sk\/index.php\/wp-json\/wp\/v2\/posts\/11833\/revisions"}],"predecessor-version":[{"id":11834,"href":"https:\/\/www.krajskakniznicazilina.sk\/index.php\/wp-json\/wp\/v2\/posts\/11833\/revisions\/11834"}],"wp:attachment":[{"href":"https:\/\/www.krajskakniznicazilina.sk\/index.php\/wp-json\/wp\/v2\/media?parent=11833"}],"wp:term":[{"taxonomy":"category","embeddable":true,"href":"https:\/\/www.krajskakniznicazilina.sk\/index.php\/wp-json\/wp\/v2\/categories?post=11833"},{"taxonomy":"post_tag","embeddable":true,"href":"https:\/\/www.krajskakniznicazilina.sk\/index.php\/wp-json\/wp\/v2\/tags?post=11833"}],"curies":[{"name":"wp","href":"https:\/\/api.w.org\/{rel}","templated":true}]}}