{"id":11836,"date":"2023-09-13T07:04:49","date_gmt":"2023-09-13T05:04:49","guid":{"rendered":"https:\/\/www.krajskakniznicazilina.sk\/?p=11836"},"modified":"2023-09-14T07:46:24","modified_gmt":"2023-09-14T05:46:24","slug":"flex-stipendijny-program-pre-stredoskolakov","status":"publish","type":"post","link":"https:\/\/www.krajskakniznicazilina.sk\/index.php\/2023\/09\/13\/flex-stipendijny-program-pre-stredoskolakov\/","title":{"rendered":"FLEX &#8211; \u0161tipendijn\u00fd program pre stredo\u0161kol\u00e1kov"},"content":{"rendered":"<p style=\"text-align: justify;\"><a href=\"https:\/\/www.krajskakniznicazilina.sk\/clanky\/2023\/09\/Flex%20informa%C4%8Dn%C3%A9%20stretnutie%20ZA.jpg\"><img decoding=\"async\" class=\"alignright size-full\" src=\"https:\/\/www.krajskakniznicazilina.sk\/clanky\/2023\/09\/Flex%20informa%C4%8Dn%C3%A9%20stretnutie%20ZA.jpg\" width=\"40%\" height=\"40%\" \/><\/a>V priestoroch Americk\u00e9ho centra Krajskej kni\u017enice v \u017diline uskuto\u010dn\u00ed stretnutie o \u0161tipendijnom v\u00fdmennom programe FLEX &#8211; Future Leaders Exchange. V\u00a0utorok <strong>19. septembra o\u00a017:00<\/strong> poz\u00fdvame nielen stredo\u0161kol\u00e1kov, ale aj ich u\u010dite\u013eov a rodi\u010dov do Krajskej kni\u017enice v \u017diline. Prihl\u00e1senie cez <strong><a href=\"https:\/\/docs.google.com\/forms\/d\/e\/1FAIpQLSdrDQbysP50qTZxeeKTaT7p_Upd8_E8AkJtRHncl0BOjjLBlA\/viewform?fbclid=IwAR0KO2WOPmwn90ZV1_drnYQhFkK1na8C2Y8qfS6FF-KiZMIKdHlqnwR-LS4&amp;pli=1\">registra\u010dn\u00fd formul\u00e1r<\/a><\/strong>.<\/p>\n<p style=\"text-align: justify;\">Stretnutie bude prebieha\u0165 s koordin\u00e1torkou programu pre Slovensko, Jankou Figurovou, absolventmi programu FLEX a samozrejme bude priestor pre Va\u0161e ot\u00e1zky. FLEX je ro\u010dn\u00fd \u0161tipendijn\u00fd program pre stredo\u0161kol\u00e1kov, ktor\u00fd im umo\u017e\u0148uje \u0161tudova\u0165 na americkej strednej \u0161kole a b\u00fdva\u0165 v americkej hostite\u013eskej rodine po dobu jedn\u00e9ho \u0161kolsk\u00e9ho roka. Program je plne financovan\u00fd Ministerstvom zahrani\u010dn\u00fdch vec\u00ed Spojen\u00fdch \u0161t\u00e1tov a jeho cie\u013eom je zv\u00fd\u0161i\u0165 vz\u00e1jomn\u00e9 porozumenie medzi USA a Slovenskom. Program je vhodn\u00fd pre prv\u00e1kov a druh\u00e1kov na strednej \u0161kole.<\/p>\n","protected":false},"excerpt":{"rendered":"<p>V priestoroch Americk\u00e9ho centra Krajskej kni\u017enice v \u017diline uskuto\u010dn\u00ed stretnutie o \u0161tipendijnom v\u00fdmennom programe FLEX &#8211; Future Leaders Exchange. V\u00a0utorok 19. septembra o\u00a017:00 poz\u00fdvame nielen stredo\u0161kol\u00e1kov, ale aj ich u\u010dite\u013eov a rodi\u010dov do Krajskej kni\u017enice v \u017diline. Prihl\u00e1senie cez registra\u010dn\u00fd formul\u00e1r. Stretnutie bude prebieha\u0165 s koordin\u00e1torkou programu pre Slovensko, Jankou Figurovou, absolventmi programu FLEX a &#8230; <a title=\"FLEX &#8211; \u0161tipendijn\u00fd program pre stredo\u0161kol\u00e1kov\" class=\"read-more\" href=\"https:\/\/www.krajskakniznicazilina.sk\/index.php\/2023\/09\/13\/flex-stipendijny-program-pre-stredoskolakov\/\" aria-label=\"Pre\u010d\u00edtajte si viac o FLEX &#8211; \u0161tipendijn\u00fd program pre stredo\u0161kol\u00e1kov\">\u010c\u00edta\u0165 viac<\/a><\/p>\n","protected":false},"author":1,"featured_media":0,"comment_status":"open","ping_status":"open","sticky":false,"template":"","format":"image","meta":{"footnotes":""},"categories":[12],"tags":[],"class_list":["post-11836","post","type-post","status-publish","format-image","hentry","category-podujatie","post_format-post-format-image"],"_links":{"self":[{"href":"https:\/\/www.krajskakniznicazilina.sk\/index.php\/wp-json\/wp\/v2\/posts\/11836","targetHints":{"allow":["GET"]}}],"collection":[{"href":"https:\/\/www.krajskakniznicazilina.sk\/index.php\/wp-json\/wp\/v2\/posts"}],"about":[{"href":"https:\/\/www.krajskakniznicazilina.sk\/index.php\/wp-json\/wp\/v2\/types\/post"}],"author":[{"embeddable":true,"href":"https:\/\/www.krajskakniznicazilina.sk\/index.php\/wp-json\/wp\/v2\/users\/1"}],"replies":[{"embeddable":true,"href":"https:\/\/www.krajskakniznicazilina.sk\/index.php\/wp-json\/wp\/v2\/comments?post=11836"}],"version-history":[{"count":3,"href":"https:\/\/www.krajskakniznicazilina.sk\/index.php\/wp-json\/wp\/v2\/posts\/11836\/revisions"}],"predecessor-version":[{"id":11844,"href":"https:\/\/www.krajskakniznicazilina.sk\/index.php\/wp-json\/wp\/v2\/posts\/11836\/revisions\/11844"}],"wp:attachment":[{"href":"https:\/\/www.krajskakniznicazilina.sk\/index.php\/wp-json\/wp\/v2\/media?parent=11836"}],"wp:term":[{"taxonomy":"category","embeddable":true,"href":"https:\/\/www.krajskakniznicazilina.sk\/index.php\/wp-json\/wp\/v2\/categories?post=11836"},{"taxonomy":"post_tag","embeddable":true,"href":"https:\/\/www.krajskakniznicazilina.sk\/index.php\/wp-json\/wp\/v2\/tags?post=11836"}],"curies":[{"name":"wp","href":"https:\/\/api.w.org\/{rel}","templated":true}]}}