{"id":11851,"date":"2023-09-18T07:04:56","date_gmt":"2023-09-18T05:04:56","guid":{"rendered":"https:\/\/www.krajskakniznicazilina.sk\/?p=11851"},"modified":"2023-09-18T07:42:07","modified_gmt":"2023-09-18T05:42:07","slug":"den-mobility-v-kniznici-2","status":"publish","type":"post","link":"https:\/\/www.krajskakniznicazilina.sk\/index.php\/2023\/09\/18\/den-mobility-v-kniznici-2\/","title":{"rendered":"De\u0148 mobility v\u00a0kni\u017enici"},"content":{"rendered":"<p style=\"text-align: justify;\"><a href=\"https:\/\/www.krajskakniznicazilina.sk\/clanky\/2023\/09\/de%C5%88%20mobility.jpg\"><img decoding=\"async\" class=\"size-full alignright\" src=\"https:\/\/www.krajskakniznicazilina.sk\/clanky\/2023\/09\/de%C5%88%20mobility.jpg\" width=\"35%\" height=\"35%\" \/><\/a>Bu\u010fte aj vy s\u00fa\u010das\u0165ou T\u00fd\u017ed\u0148a mobility v piatok<strong> 22. septembra od 10:00 do 15:00<\/strong> pred Krajskou kni\u017enicou v \u017diline. V kni\u017enici nemus\u00edte len \u010d\u00edta\u0165, ale m\u00f4\u017eete sa aj h\u00fdba\u0165. Poz\u00fdvame v\u0161etky deti, ktor\u00e9 radi s\u00fa\u0165a\u017eia, aby pri\u0161li a precvi\u010dili si nielen hlavu, ale aj svoje telo. \u010cak\u00e1 na V\u00e1s ve\u013ea prekvapen\u00ed.<\/p>\n","protected":false},"excerpt":{"rendered":"<p>Bu\u010fte aj vy s\u00fa\u010das\u0165ou T\u00fd\u017ed\u0148a mobility v piatok 22. septembra od 10:00 do 15:00 pred Krajskou kni\u017enicou v \u017diline. V kni\u017enici nemus\u00edte len \u010d\u00edta\u0165, ale m\u00f4\u017eete sa aj h\u00fdba\u0165. Poz\u00fdvame v\u0161etky deti, ktor\u00e9 radi s\u00fa\u0165a\u017eia, aby pri\u0161li a precvi\u010dili si nielen hlavu, ale aj svoje telo. \u010cak\u00e1 na V\u00e1s ve\u013ea prekvapen\u00ed.<\/p>\n","protected":false},"author":1,"featured_media":0,"comment_status":"open","ping_status":"open","sticky":false,"template":"","format":"image","meta":{"footnotes":""},"categories":[12],"tags":[],"class_list":["post-11851","post","type-post","status-publish","format-image","hentry","category-podujatie","post_format-post-format-image"],"_links":{"self":[{"href":"https:\/\/www.krajskakniznicazilina.sk\/index.php\/wp-json\/wp\/v2\/posts\/11851","targetHints":{"allow":["GET"]}}],"collection":[{"href":"https:\/\/www.krajskakniznicazilina.sk\/index.php\/wp-json\/wp\/v2\/posts"}],"about":[{"href":"https:\/\/www.krajskakniznicazilina.sk\/index.php\/wp-json\/wp\/v2\/types\/post"}],"author":[{"embeddable":true,"href":"https:\/\/www.krajskakniznicazilina.sk\/index.php\/wp-json\/wp\/v2\/users\/1"}],"replies":[{"embeddable":true,"href":"https:\/\/www.krajskakniznicazilina.sk\/index.php\/wp-json\/wp\/v2\/comments?post=11851"}],"version-history":[{"count":3,"href":"https:\/\/www.krajskakniznicazilina.sk\/index.php\/wp-json\/wp\/v2\/posts\/11851\/revisions"}],"predecessor-version":[{"id":11854,"href":"https:\/\/www.krajskakniznicazilina.sk\/index.php\/wp-json\/wp\/v2\/posts\/11851\/revisions\/11854"}],"wp:attachment":[{"href":"https:\/\/www.krajskakniznicazilina.sk\/index.php\/wp-json\/wp\/v2\/media?parent=11851"}],"wp:term":[{"taxonomy":"category","embeddable":true,"href":"https:\/\/www.krajskakniznicazilina.sk\/index.php\/wp-json\/wp\/v2\/categories?post=11851"},{"taxonomy":"post_tag","embeddable":true,"href":"https:\/\/www.krajskakniznicazilina.sk\/index.php\/wp-json\/wp\/v2\/tags?post=11851"}],"curies":[{"name":"wp","href":"https:\/\/api.w.org\/{rel}","templated":true}]}}