{"id":11855,"date":"2023-09-18T08:30:27","date_gmt":"2023-09-18T06:30:27","guid":{"rendered":"https:\/\/www.krajskakniznicazilina.sk\/?p=11855"},"modified":"2023-09-18T09:07:22","modified_gmt":"2023-09-18T07:07:22","slug":"dnes-je-kniznica-otvorena-len-do-1600","status":"publish","type":"post","link":"https:\/\/www.krajskakniznicazilina.sk\/index.php\/2023\/09\/18\/dnes-je-kniznica-otvorena-len-do-1600\/","title":{"rendered":"Dnes je kni\u017enica otvoren\u00e1 len do 16:00"},"content":{"rendered":"<p style=\"text-align: justify;\">Dnes budeme ma\u0165 otvoren\u00e9 len do 16:00. Podujatia pre verejnos\u0165 s\u00fa zru\u0161en\u00e9, \u010dit\u00e1re\u0148 a \u0161tudov\u0148a s\u00fa zatvoren\u00e9. Nete\u010die n\u00e1m voda preto nie s\u00fa k dispoz\u00edci\u00ed ani toalety. Za pochopenie \u010fakujeme.<br \/>\n<img decoding=\"async\" class=\"size-full wp-image-11856 aligncenter\" src=\"https:\/\/www.krajskakniznicazilina.sk\/wp-content\/uploads\/2023\/09\/n\u00e1pisy-A4-\u0161\u00edrka_page-0001.jpg\" alt=\"\" width=\"50%\" height=\"50%\" srcset=\"https:\/\/www.krajskakniznicazilina.sk\/wp-content\/uploads\/2023\/09\/n\u00e1pisy-A4-\u0161\u00edrka_page-0001.jpg 1755w, https:\/\/www.krajskakniznicazilina.sk\/wp-content\/uploads\/2023\/09\/n\u00e1pisy-A4-\u0161\u00edrka_page-0001-300x212.jpg 300w, https:\/\/www.krajskakniznicazilina.sk\/wp-content\/uploads\/2023\/09\/n\u00e1pisy-A4-\u0161\u00edrka_page-0001-1024x724.jpg 1024w, https:\/\/www.krajskakniznicazilina.sk\/wp-content\/uploads\/2023\/09\/n\u00e1pisy-A4-\u0161\u00edrka_page-0001-768x543.jpg 768w, https:\/\/www.krajskakniznicazilina.sk\/wp-content\/uploads\/2023\/09\/n\u00e1pisy-A4-\u0161\u00edrka_page-0001-1536x1086.jpg 1536w\" sizes=\"(max-width: 1755px) 100vw, 1755px\" \/><\/p>\n","protected":false},"excerpt":{"rendered":"<p>Dnes budeme ma\u0165 otvoren\u00e9 len do 16:00. Podujatia pre verejnos\u0165 s\u00fa zru\u0161en\u00e9, \u010dit\u00e1re\u0148 a \u0161tudov\u0148a s\u00fa zatvoren\u00e9. Nete\u010die n\u00e1m voda preto nie s\u00fa k dispoz\u00edci\u00ed ani toalety. Za pochopenie \u010fakujeme.<\/p>\n","protected":false},"author":1,"featured_media":0,"comment_status":"open","ping_status":"open","sticky":false,"template":"","format":"image","meta":{"footnotes":""},"categories":[1],"tags":[],"class_list":["post-11855","post","type-post","status-publish","format-image","hentry","category-oznam","post_format-post-format-image"],"_links":{"self":[{"href":"https:\/\/www.krajskakniznicazilina.sk\/index.php\/wp-json\/wp\/v2\/posts\/11855","targetHints":{"allow":["GET"]}}],"collection":[{"href":"https:\/\/www.krajskakniznicazilina.sk\/index.php\/wp-json\/wp\/v2\/posts"}],"about":[{"href":"https:\/\/www.krajskakniznicazilina.sk\/index.php\/wp-json\/wp\/v2\/types\/post"}],"author":[{"embeddable":true,"href":"https:\/\/www.krajskakniznicazilina.sk\/index.php\/wp-json\/wp\/v2\/users\/1"}],"replies":[{"embeddable":true,"href":"https:\/\/www.krajskakniznicazilina.sk\/index.php\/wp-json\/wp\/v2\/comments?post=11855"}],"version-history":[{"count":2,"href":"https:\/\/www.krajskakniznicazilina.sk\/index.php\/wp-json\/wp\/v2\/posts\/11855\/revisions"}],"predecessor-version":[{"id":11859,"href":"https:\/\/www.krajskakniznicazilina.sk\/index.php\/wp-json\/wp\/v2\/posts\/11855\/revisions\/11859"}],"wp:attachment":[{"href":"https:\/\/www.krajskakniznicazilina.sk\/index.php\/wp-json\/wp\/v2\/media?parent=11855"}],"wp:term":[{"taxonomy":"category","embeddable":true,"href":"https:\/\/www.krajskakniznicazilina.sk\/index.php\/wp-json\/wp\/v2\/categories?post=11855"},{"taxonomy":"post_tag","embeddable":true,"href":"https:\/\/www.krajskakniznicazilina.sk\/index.php\/wp-json\/wp\/v2\/tags?post=11855"}],"curies":[{"name":"wp","href":"https:\/\/api.w.org\/{rel}","templated":true}]}}