{"id":11861,"date":"2023-09-20T07:02:06","date_gmt":"2023-09-20T05:02:06","guid":{"rendered":"https:\/\/www.krajskakniznicazilina.sk\/?p=11861"},"modified":"2023-09-20T07:02:06","modified_gmt":"2023-09-20T05:02:06","slug":"lovci-sarlatanov","status":"publish","type":"post","link":"https:\/\/www.krajskakniznicazilina.sk\/index.php\/2023\/09\/20\/lovci-sarlatanov\/","title":{"rendered":"Lovci \u0161arlat\u00e1nov"},"content":{"rendered":"<p style=\"text-align: justify;\"><a href=\"https:\/\/www.krajskakniznicazilina.sk\/clanky\/2023\/10\/lovci%20%C5%A1arlat%C3%A1nov.jpg\"><img decoding=\"async\" class=\"alignleft size-full\" src=\"https:\/\/www.krajskakniznicazilina.sk\/clanky\/2023\/10\/lovci%20%C5%A1arlat%C3%A1nov.jpg\" width=\"40%\" height=\"40%\" \/><\/a>Internetom sa preh\u00e1\u0148aj\u00fa r\u00f4zne \u201ealternat\u00edvne\u201c alebo dokonca \u201ezaru\u010den\u00e9\u201c sp\u00f4soby ako vylie\u010di\u0165 v\u0161etky mo\u017en\u00e9 neduhy. Niektor\u00e9 z nich s\u00fa ne\u0161kodn\u00e9, in\u00e9 v\u0161ak m\u00f4\u017eu by\u0165 aj nebezpe\u010dn\u00e9. Vyvracaniu nepr\u00e1vd z oblasti zdravia a medic\u00edny sa dlhodobo venuje skupina odborn\u00edkov, ktor\u00ed si vravia Lovci \u0161arlat\u00e1nov. Poz\u00fdvame v\u00e1s na predn\u00e1\u0161ku a besedu s Rolandom Oravsk\u00fdm, internistom, kardiol\u00f3gom a spoluzakladaj\u00facim \u010dlenom Lovcov \u0161arlat\u00e1nov, ktor\u00fd nav\u0161t\u00edvi Krajsk\u00fa kni\u017enicu v \u017diline, v stredu <strong>4. okt\u00f3bra o 17:00<\/strong>. Podujatie z verejn\u00fdch zdrojov podporil Fond na podporu umenia.<\/p>\n","protected":false},"excerpt":{"rendered":"<p>Internetom sa preh\u00e1\u0148aj\u00fa r\u00f4zne \u201ealternat\u00edvne\u201c alebo dokonca \u201ezaru\u010den\u00e9\u201c sp\u00f4soby ako vylie\u010di\u0165 v\u0161etky mo\u017en\u00e9 neduhy. Niektor\u00e9 z nich s\u00fa ne\u0161kodn\u00e9, in\u00e9 v\u0161ak m\u00f4\u017eu by\u0165 aj nebezpe\u010dn\u00e9. Vyvracaniu nepr\u00e1vd z oblasti zdravia a medic\u00edny sa dlhodobo venuje skupina odborn\u00edkov, ktor\u00ed si vravia Lovci \u0161arlat\u00e1nov. Poz\u00fdvame v\u00e1s na predn\u00e1\u0161ku a besedu s Rolandom Oravsk\u00fdm, internistom, kardiol\u00f3gom a spoluzakladaj\u00facim &#8230; <a title=\"Lovci \u0161arlat\u00e1nov\" class=\"read-more\" href=\"https:\/\/www.krajskakniznicazilina.sk\/index.php\/2023\/09\/20\/lovci-sarlatanov\/\" aria-label=\"Pre\u010d\u00edtajte si viac o Lovci \u0161arlat\u00e1nov\">\u010c\u00edta\u0165 viac<\/a><\/p>\n","protected":false},"author":1,"featured_media":0,"comment_status":"open","ping_status":"open","sticky":false,"template":"","format":"image","meta":{"footnotes":""},"categories":[24,12,22],"tags":[],"class_list":["post-11861","post","type-post","status-publish","format-image","hentry","category-beseda","category-podujatie","category-prednaska","post_format-post-format-image"],"_links":{"self":[{"href":"https:\/\/www.krajskakniznicazilina.sk\/index.php\/wp-json\/wp\/v2\/posts\/11861","targetHints":{"allow":["GET"]}}],"collection":[{"href":"https:\/\/www.krajskakniznicazilina.sk\/index.php\/wp-json\/wp\/v2\/posts"}],"about":[{"href":"https:\/\/www.krajskakniznicazilina.sk\/index.php\/wp-json\/wp\/v2\/types\/post"}],"author":[{"embeddable":true,"href":"https:\/\/www.krajskakniznicazilina.sk\/index.php\/wp-json\/wp\/v2\/users\/1"}],"replies":[{"embeddable":true,"href":"https:\/\/www.krajskakniznicazilina.sk\/index.php\/wp-json\/wp\/v2\/comments?post=11861"}],"version-history":[{"count":1,"href":"https:\/\/www.krajskakniznicazilina.sk\/index.php\/wp-json\/wp\/v2\/posts\/11861\/revisions"}],"predecessor-version":[{"id":11862,"href":"https:\/\/www.krajskakniznicazilina.sk\/index.php\/wp-json\/wp\/v2\/posts\/11861\/revisions\/11862"}],"wp:attachment":[{"href":"https:\/\/www.krajskakniznicazilina.sk\/index.php\/wp-json\/wp\/v2\/media?parent=11861"}],"wp:term":[{"taxonomy":"category","embeddable":true,"href":"https:\/\/www.krajskakniznicazilina.sk\/index.php\/wp-json\/wp\/v2\/categories?post=11861"},{"taxonomy":"post_tag","embeddable":true,"href":"https:\/\/www.krajskakniznicazilina.sk\/index.php\/wp-json\/wp\/v2\/tags?post=11861"}],"curies":[{"name":"wp","href":"https:\/\/api.w.org\/{rel}","templated":true}]}}