{"id":11867,"date":"2023-09-19T07:32:57","date_gmt":"2023-09-19T05:32:57","guid":{"rendered":"https:\/\/www.krajskakniznicazilina.sk\/?p=11867"},"modified":"2023-09-21T07:39:35","modified_gmt":"2023-09-21T05:39:35","slug":"klub-u-knihulky-varila-mysicka-kasicku-2","status":"publish","type":"post","link":"https:\/\/www.krajskakniznicazilina.sk\/index.php\/2023\/09\/19\/klub-u-knihulky-varila-mysicka-kasicku-2\/","title":{"rendered":"Klub u Knihu\u013eky &#8211; Varila my\u0161i\u010dka ka\u0161i\u010dku"},"content":{"rendered":"<p style=\"text-align: justify;\"><a href=\"https:\/\/www.krajskakniznicazilina.sk\/clanky\/2023\/10\/klub%20u%20knihulky%2010.jpg\"><img decoding=\"async\" class=\"size-full alignright\" src=\"https:\/\/www.krajskakniznicazilina.sk\/clanky\/2023\/10\/klub%20u%20knihulky%2010.jpg\" width=\"40%\" height=\"40%\" \/><\/a>Pridajte sa k n\u00e1m na \u010fal\u0161ie dobrodru\u017estvo v Klube u Knihu\u013eky! V utorok <strong>3. okt\u00f3bra 2023 o 10:30<\/strong>, tento raz sa venujeme pr\u00edbehu Varila my\u0161i\u010dka ka\u0161i\u010dku. Spolo\u010dne s de\u0165mi sa ponor\u00edme do k\u00fazeln\u00e9ho sveta my\u0161iek a nau\u010d\u00edme sa vesel\u00fa riekanku o my\u0161k\u00e1ch, ktor\u00e9 varili ka\u0161i\u010dku. A to nie je v\u0161etko&#8230; pri tejto pr\u00edle\u017eitosti si precvi\u010d\u00edme aj jemn\u00fa motoriku r\u00fak v z\u00e1bavnej a interakt\u00edvnej atmosf\u00e9re.<\/p>\n<p style=\"text-align: justify;\">Na podujatie je\u00a0<strong>potrebn\u00e9 vopred sa prihl\u00e1si\u0165 &#8211; <a href=\"https:\/\/forms.gle\/J53rjzZaBNoFNq9u9\">https:\/\/forms.gle\/J53rjzZaBNoFNq9u9<\/a><\/strong><\/p>\n","protected":false},"excerpt":{"rendered":"<p>Pridajte sa k n\u00e1m na \u010fal\u0161ie dobrodru\u017estvo v Klube u Knihu\u013eky! V utorok 3. okt\u00f3bra 2023 o 10:30, tento raz sa venujeme pr\u00edbehu Varila my\u0161i\u010dka ka\u0161i\u010dku. Spolo\u010dne s de\u0165mi sa ponor\u00edme do k\u00fazeln\u00e9ho sveta my\u0161iek a nau\u010d\u00edme sa vesel\u00fa riekanku o my\u0161k\u00e1ch, ktor\u00e9 varili ka\u0161i\u010dku. A to nie je v\u0161etko&#8230; pri tejto pr\u00edle\u017eitosti si precvi\u010d\u00edme &#8230; <a title=\"Klub u Knihu\u013eky &#8211; Varila my\u0161i\u010dka ka\u0161i\u010dku\" class=\"read-more\" href=\"https:\/\/www.krajskakniznicazilina.sk\/index.php\/2023\/09\/19\/klub-u-knihulky-varila-mysicka-kasicku-2\/\" aria-label=\"Pre\u010d\u00edtajte si viac o Klub u Knihu\u013eky &#8211; Varila my\u0161i\u010dka ka\u0161i\u010dku\">\u010c\u00edta\u0165 viac<\/a><\/p>\n","protected":false},"author":1,"featured_media":0,"comment_status":"open","ping_status":"open","sticky":false,"template":"","format":"image","meta":{"footnotes":""},"categories":[23,35,12,73],"tags":[],"class_list":["post-11867","post","type-post","status-publish","format-image","hentry","category-klub","category-knihulka","category-podujatie","category-pre-deti","post_format-post-format-image"],"_links":{"self":[{"href":"https:\/\/www.krajskakniznicazilina.sk\/index.php\/wp-json\/wp\/v2\/posts\/11867","targetHints":{"allow":["GET"]}}],"collection":[{"href":"https:\/\/www.krajskakniznicazilina.sk\/index.php\/wp-json\/wp\/v2\/posts"}],"about":[{"href":"https:\/\/www.krajskakniznicazilina.sk\/index.php\/wp-json\/wp\/v2\/types\/post"}],"author":[{"embeddable":true,"href":"https:\/\/www.krajskakniznicazilina.sk\/index.php\/wp-json\/wp\/v2\/users\/1"}],"replies":[{"embeddable":true,"href":"https:\/\/www.krajskakniznicazilina.sk\/index.php\/wp-json\/wp\/v2\/comments?post=11867"}],"version-history":[{"count":1,"href":"https:\/\/www.krajskakniznicazilina.sk\/index.php\/wp-json\/wp\/v2\/posts\/11867\/revisions"}],"predecessor-version":[{"id":11868,"href":"https:\/\/www.krajskakniznicazilina.sk\/index.php\/wp-json\/wp\/v2\/posts\/11867\/revisions\/11868"}],"wp:attachment":[{"href":"https:\/\/www.krajskakniznicazilina.sk\/index.php\/wp-json\/wp\/v2\/media?parent=11867"}],"wp:term":[{"taxonomy":"category","embeddable":true,"href":"https:\/\/www.krajskakniznicazilina.sk\/index.php\/wp-json\/wp\/v2\/categories?post=11867"},{"taxonomy":"post_tag","embeddable":true,"href":"https:\/\/www.krajskakniznicazilina.sk\/index.php\/wp-json\/wp\/v2\/tags?post=11867"}],"curies":[{"name":"wp","href":"https:\/\/api.w.org\/{rel}","templated":true}]}}