{"id":11891,"date":"2023-10-09T07:40:11","date_gmt":"2023-10-09T05:40:11","guid":{"rendered":"https:\/\/www.krajskakniznicazilina.sk\/?p=11891"},"modified":"2023-09-26T07:41:47","modified_gmt":"2023-09-26T05:41:47","slug":"putovna-vystava-vitaznych-knih-regionalnych-citatelskych-sutazi-3","status":"publish","type":"post","link":"https:\/\/www.krajskakniznicazilina.sk\/index.php\/2023\/10\/09\/putovna-vystava-vitaznych-knih-regionalnych-citatelskych-sutazi-3\/","title":{"rendered":"Putovn\u00e1 v\u00fdstava v\u00ed\u0165azn\u00fdch kn\u00edh region\u00e1lnych \u010ditate\u013esk\u00fdch s\u00fa\u0165a\u017e\u00ed"},"content":{"rendered":"<p style=\"text-align: justify;\"><a href=\"https:\/\/www.krajskakniznicazilina.sk\/clanky\/2023\/10\/putovn%C3%A1%20v%C3%BDstava.jpg\"><img decoding=\"async\" class=\"alignleft size-full\" src=\"https:\/\/www.krajskakniznicazilina.sk\/clanky\/2023\/10\/putovn%C3%A1%20v%C3%BDstava.jpg\" width=\"35%\" height=\"35%\" \/><\/a>Krajsk\u00e1 kni\u017enica v\u00a0\u017diline v\u00a0zria\u010fovate\u013eskej p\u00f4sobnosti \u017dilinsk\u00e9ho samospr\u00e1vneho kraja V\u00e1s poz\u00fdva na prezent\u00e1ciu <strong>putovnej v\u00fdstavy<\/strong> zostaven\u00fa z v\u00ed\u0165azn\u00fdch kn\u00edh region\u00e1lnych \u010ditate\u013esk\u00fdch s\u00fa\u0165a\u017e\u00ed za rok 2022 &#8211; Kniha Horn\u00e9ho Pova\u017eia, Kniha Turca,\u00a0 Kniha Oravy , Kniha Liptova\u00a0 a\u00a0Kniha Kys\u00fac. V\u00fdstava je spr\u00edstupnen\u00e1 \u0161irokej verejnosti po\u010das otv\u00e1rac\u00edch hod\u00edn na pr\u00edzem\u00ed Krajskej kni\u017enice v\u00a0\u017diline, Ul. A. Bernol\u00e1ka 47 v\u00a0obdob\u00ed\u00a0 od <strong>9. 10.<\/strong> <strong>2023 \u2013 31.10.2023<\/strong>. V\u00fdstava bola\u00a0 postupne prezentovan\u00e1 vo v\u0161etk\u00fdch region\u00e1lnych kni\u017eniciach \u017dilinsk\u00e9ho samospr\u00e1vneho kraja.<\/p>\n","protected":false},"excerpt":{"rendered":"<p>Krajsk\u00e1 kni\u017enica v\u00a0\u017diline v\u00a0zria\u010fovate\u013eskej p\u00f4sobnosti \u017dilinsk\u00e9ho samospr\u00e1vneho kraja V\u00e1s poz\u00fdva na prezent\u00e1ciu putovnej v\u00fdstavy zostaven\u00fa z v\u00ed\u0165azn\u00fdch kn\u00edh region\u00e1lnych \u010ditate\u013esk\u00fdch s\u00fa\u0165a\u017e\u00ed za rok 2022 &#8211; Kniha Horn\u00e9ho Pova\u017eia, Kniha Turca,\u00a0 Kniha Oravy , Kniha Liptova\u00a0 a\u00a0Kniha Kys\u00fac. V\u00fdstava je spr\u00edstupnen\u00e1 \u0161irokej verejnosti po\u010das otv\u00e1rac\u00edch hod\u00edn na pr\u00edzem\u00ed Krajskej kni\u017enice v\u00a0\u017diline, Ul. A. Bernol\u00e1ka 47 v\u00a0obdob\u00ed\u00a0 &#8230; <a title=\"Putovn\u00e1 v\u00fdstava v\u00ed\u0165azn\u00fdch kn\u00edh region\u00e1lnych \u010ditate\u013esk\u00fdch s\u00fa\u0165a\u017e\u00ed\" class=\"read-more\" href=\"https:\/\/www.krajskakniznicazilina.sk\/index.php\/2023\/10\/09\/putovna-vystava-vitaznych-knih-regionalnych-citatelskych-sutazi-3\/\" aria-label=\"Pre\u010d\u00edtajte si viac o Putovn\u00e1 v\u00fdstava v\u00ed\u0165azn\u00fdch kn\u00edh region\u00e1lnych \u010ditate\u013esk\u00fdch s\u00fa\u0165a\u017e\u00ed\">\u010c\u00edta\u0165 viac<\/a><\/p>\n","protected":false},"author":1,"featured_media":0,"comment_status":"open","ping_status":"open","sticky":false,"template":"","format":"image","meta":{"footnotes":""},"categories":[40,15],"tags":[],"class_list":["post-11891","post","type-post","status-publish","format-image","hentry","category-kniha-horneho-povazia","category-vystava","post_format-post-format-image"],"_links":{"self":[{"href":"https:\/\/www.krajskakniznicazilina.sk\/index.php\/wp-json\/wp\/v2\/posts\/11891","targetHints":{"allow":["GET"]}}],"collection":[{"href":"https:\/\/www.krajskakniznicazilina.sk\/index.php\/wp-json\/wp\/v2\/posts"}],"about":[{"href":"https:\/\/www.krajskakniznicazilina.sk\/index.php\/wp-json\/wp\/v2\/types\/post"}],"author":[{"embeddable":true,"href":"https:\/\/www.krajskakniznicazilina.sk\/index.php\/wp-json\/wp\/v2\/users\/1"}],"replies":[{"embeddable":true,"href":"https:\/\/www.krajskakniznicazilina.sk\/index.php\/wp-json\/wp\/v2\/comments?post=11891"}],"version-history":[{"count":1,"href":"https:\/\/www.krajskakniznicazilina.sk\/index.php\/wp-json\/wp\/v2\/posts\/11891\/revisions"}],"predecessor-version":[{"id":11892,"href":"https:\/\/www.krajskakniznicazilina.sk\/index.php\/wp-json\/wp\/v2\/posts\/11891\/revisions\/11892"}],"wp:attachment":[{"href":"https:\/\/www.krajskakniznicazilina.sk\/index.php\/wp-json\/wp\/v2\/media?parent=11891"}],"wp:term":[{"taxonomy":"category","embeddable":true,"href":"https:\/\/www.krajskakniznicazilina.sk\/index.php\/wp-json\/wp\/v2\/categories?post=11891"},{"taxonomy":"post_tag","embeddable":true,"href":"https:\/\/www.krajskakniznicazilina.sk\/index.php\/wp-json\/wp\/v2\/tags?post=11891"}],"curies":[{"name":"wp","href":"https:\/\/api.w.org\/{rel}","templated":true}]}}