{"id":11973,"date":"2023-10-31T07:03:21","date_gmt":"2023-10-31T06:03:21","guid":{"rendered":"https:\/\/www.krajskakniznicazilina.sk\/?p=11973"},"modified":"2023-10-14T09:28:24","modified_gmt":"2023-10-14T07:28:24","slug":"klub-u-knihulky-medovnikovy-domcek","status":"publish","type":"post","link":"https:\/\/www.krajskakniznicazilina.sk\/index.php\/2023\/10\/31\/klub-u-knihulky-medovnikovy-domcek\/","title":{"rendered":"Klub u Knihu\u013eky &#8211; Medovn\u00edkov\u00fd dom\u010dek"},"content":{"rendered":"<p style=\"text-align: justify;\"><a href=\"https:\/\/www.krajskakniznicazilina.sk\/clanky\/2023\/11\/klub%20u%20knihulky%2011.jpg\"><img decoding=\"async\" class=\"alignleft size-full\" src=\"https:\/\/www.krajskakniznicazilina.sk\/clanky\/2023\/11\/klub%20u%20knihulky%2011.jpg\" width=\"40%\" height=\"40%\" \/><\/a>\u010carujeme, \u010darujeme e\u0161te dnes, nech sa tu zjav\u00ed \u010dierny les. A koho v lese stretneme? Spolu s Jankom a Marienkou spozn\u00e1me medve\u010fa, veveri\u010dku a vt\u00e1\u010diky. S drevoruba\u010dom nare\u017eeme drevo, pozbierame odpadky a objav\u00edme neoby\u010dajn\u00fd dom\u010dek. A \u010do sa stane v rozpr\u00e1vkovom dom\u010deku? Dozviete sa v utorok <strong>14. novembra o 10.30<\/strong> v\u00a0Krajskej kni\u017enici v\u00a0\u017diline.<\/p>\n<p style=\"text-align: justify;\">Podujatie je ur\u010den\u00e9 pre deti od 2 do 4 rokov v sprievode rodi\u010dov. Na podujatie je potrebn\u00e9 vopred sa prihl\u00e1si\u0165:\u00a0<a href=\"https:\/\/forms.gle\/hbJ1HtenK7p5H9TLA\">https:\/\/forms.gle\/hbJ1HtenK7p5H9TLA<\/a><\/p>\n","protected":false},"excerpt":{"rendered":"<p>\u010carujeme, \u010darujeme e\u0161te dnes, nech sa tu zjav\u00ed \u010dierny les. A koho v lese stretneme? Spolu s Jankom a Marienkou spozn\u00e1me medve\u010fa, veveri\u010dku a vt\u00e1\u010diky. S drevoruba\u010dom nare\u017eeme drevo, pozbierame odpadky a objav\u00edme neoby\u010dajn\u00fd dom\u010dek. A \u010do sa stane v rozpr\u00e1vkovom dom\u010deku? Dozviete sa v utorok 14. novembra o 10.30 v\u00a0Krajskej kni\u017enici v\u00a0\u017diline. Podujatie je &#8230; <a title=\"Klub u Knihu\u013eky &#8211; Medovn\u00edkov\u00fd dom\u010dek\" class=\"read-more\" href=\"https:\/\/www.krajskakniznicazilina.sk\/index.php\/2023\/10\/31\/klub-u-knihulky-medovnikovy-domcek\/\" aria-label=\"Pre\u010d\u00edtajte si viac o Klub u Knihu\u013eky &#8211; Medovn\u00edkov\u00fd dom\u010dek\">\u010c\u00edta\u0165 viac<\/a><\/p>\n","protected":false},"author":1,"featured_media":0,"comment_status":"open","ping_status":"open","sticky":false,"template":"","format":"image","meta":{"footnotes":""},"categories":[23,35,12,73],"tags":[],"class_list":["post-11973","post","type-post","status-publish","format-image","hentry","category-klub","category-knihulka","category-podujatie","category-pre-deti","post_format-post-format-image"],"_links":{"self":[{"href":"https:\/\/www.krajskakniznicazilina.sk\/index.php\/wp-json\/wp\/v2\/posts\/11973","targetHints":{"allow":["GET"]}}],"collection":[{"href":"https:\/\/www.krajskakniznicazilina.sk\/index.php\/wp-json\/wp\/v2\/posts"}],"about":[{"href":"https:\/\/www.krajskakniznicazilina.sk\/index.php\/wp-json\/wp\/v2\/types\/post"}],"author":[{"embeddable":true,"href":"https:\/\/www.krajskakniznicazilina.sk\/index.php\/wp-json\/wp\/v2\/users\/1"}],"replies":[{"embeddable":true,"href":"https:\/\/www.krajskakniznicazilina.sk\/index.php\/wp-json\/wp\/v2\/comments?post=11973"}],"version-history":[{"count":2,"href":"https:\/\/www.krajskakniznicazilina.sk\/index.php\/wp-json\/wp\/v2\/posts\/11973\/revisions"}],"predecessor-version":[{"id":11975,"href":"https:\/\/www.krajskakniznicazilina.sk\/index.php\/wp-json\/wp\/v2\/posts\/11973\/revisions\/11975"}],"wp:attachment":[{"href":"https:\/\/www.krajskakniznicazilina.sk\/index.php\/wp-json\/wp\/v2\/media?parent=11973"}],"wp:term":[{"taxonomy":"category","embeddable":true,"href":"https:\/\/www.krajskakniznicazilina.sk\/index.php\/wp-json\/wp\/v2\/categories?post=11973"},{"taxonomy":"post_tag","embeddable":true,"href":"https:\/\/www.krajskakniznicazilina.sk\/index.php\/wp-json\/wp\/v2\/tags?post=11973"}],"curies":[{"name":"wp","href":"https:\/\/api.w.org\/{rel}","templated":true}]}}