{"id":11985,"date":"2023-10-27T07:02:19","date_gmt":"2023-10-27T05:02:19","guid":{"rendered":"https:\/\/www.krajskakniznicazilina.sk\/?p=11985"},"modified":"2023-10-27T07:40:43","modified_gmt":"2023-10-27T05:40:43","slug":"sobotne-dopoludnie-v-kniznici-adventny-vencek-na-dvere","status":"publish","type":"post","link":"https:\/\/www.krajskakniznicazilina.sk\/index.php\/2023\/10\/27\/sobotne-dopoludnie-v-kniznici-adventny-vencek-na-dvere\/","title":{"rendered":"Sobotn\u00e9 dopoludnie v kni\u017enici &#8211; Adventn\u00fd ven\u010dek na dvere"},"content":{"rendered":"<p style=\"text-align: justify;\"><a href=\"https:\/\/www.krajskakniznicazilina.sk\/clanky\/2023\/11\/sobotn%C3%A9%20dopoludnie%2011.jpg\"><img decoding=\"async\" class=\"size-full alignright\" src=\"https:\/\/www.krajskakniznicazilina.sk\/clanky\/2023\/11\/sobotn%C3%A9%20dopoludnie%2011.jpg\" width=\"40%\" height=\"40%\" \/><\/a>Zo stromov opadalo posledn\u00e9 l\u00edstie. Farebn\u00fa jese\u0148 vystrieda biela zima a s \u0148ou pr\u00edde obdobie, ktor\u00e9mu sa hovor\u00ed advent. Spozn\u00e1me ho aj pod\u013ea toho, \u017ee \u013eudia si vyzdobia dvere ven\u010dekom. My si tak\u00fdto ven\u010dek vyrob\u00edme v sobotu <strong>11. novembra o 10:00<\/strong>. Podujatie je vhodn\u00e9 pre deti od 5 do 11 rokov a je len pre registrovan\u00fdch \u010ditate\u013eov, z\u00e1rove\u0148 je potrebn\u00e9 <strong>prihl\u00e1senie<\/strong> vopred:<strong>\u00a0<\/strong><strong><a href=\"https:\/\/forms.gle\/qbpq8U52R3zmgTNR6\">https:\/\/forms.gle\/qbpq8U52R3zmgTNR6<\/a><\/strong><\/p>\n","protected":false},"excerpt":{"rendered":"<p>Zo stromov opadalo posledn\u00e9 l\u00edstie. Farebn\u00fa jese\u0148 vystrieda biela zima a s \u0148ou pr\u00edde obdobie, ktor\u00e9mu sa hovor\u00ed advent. Spozn\u00e1me ho aj pod\u013ea toho, \u017ee \u013eudia si vyzdobia dvere ven\u010dekom. My si tak\u00fdto ven\u010dek vyrob\u00edme v sobotu 11. novembra o 10:00. Podujatie je vhodn\u00e9 pre deti od 5 do 11 rokov a je len pre &#8230; <a title=\"Sobotn\u00e9 dopoludnie v kni\u017enici &#8211; Adventn\u00fd ven\u010dek na dvere\" class=\"read-more\" href=\"https:\/\/www.krajskakniznicazilina.sk\/index.php\/2023\/10\/27\/sobotne-dopoludnie-v-kniznici-adventny-vencek-na-dvere\/\" aria-label=\"Pre\u010d\u00edtajte si viac o Sobotn\u00e9 dopoludnie v kni\u017enici &#8211; Adventn\u00fd ven\u010dek na dvere\">\u010c\u00edta\u0165 viac<\/a><\/p>\n","protected":false},"author":1,"featured_media":0,"comment_status":"open","ping_status":"open","sticky":false,"template":"","format":"image","meta":{"footnotes":""},"categories":[12,73,37],"tags":[],"class_list":["post-11985","post","type-post","status-publish","format-image","hentry","category-podujatie","category-pre-deti","category-tvorivy-klub","post_format-post-format-image"],"_links":{"self":[{"href":"https:\/\/www.krajskakniznicazilina.sk\/index.php\/wp-json\/wp\/v2\/posts\/11985","targetHints":{"allow":["GET"]}}],"collection":[{"href":"https:\/\/www.krajskakniznicazilina.sk\/index.php\/wp-json\/wp\/v2\/posts"}],"about":[{"href":"https:\/\/www.krajskakniznicazilina.sk\/index.php\/wp-json\/wp\/v2\/types\/post"}],"author":[{"embeddable":true,"href":"https:\/\/www.krajskakniznicazilina.sk\/index.php\/wp-json\/wp\/v2\/users\/1"}],"replies":[{"embeddable":true,"href":"https:\/\/www.krajskakniznicazilina.sk\/index.php\/wp-json\/wp\/v2\/comments?post=11985"}],"version-history":[{"count":5,"href":"https:\/\/www.krajskakniznicazilina.sk\/index.php\/wp-json\/wp\/v2\/posts\/11985\/revisions"}],"predecessor-version":[{"id":12038,"href":"https:\/\/www.krajskakniznicazilina.sk\/index.php\/wp-json\/wp\/v2\/posts\/11985\/revisions\/12038"}],"wp:attachment":[{"href":"https:\/\/www.krajskakniznicazilina.sk\/index.php\/wp-json\/wp\/v2\/media?parent=11985"}],"wp:term":[{"taxonomy":"category","embeddable":true,"href":"https:\/\/www.krajskakniznicazilina.sk\/index.php\/wp-json\/wp\/v2\/categories?post=11985"},{"taxonomy":"post_tag","embeddable":true,"href":"https:\/\/www.krajskakniznicazilina.sk\/index.php\/wp-json\/wp\/v2\/tags?post=11985"}],"curies":[{"name":"wp","href":"https:\/\/api.w.org\/{rel}","templated":true}]}}