{"id":11995,"date":"2023-10-26T07:12:42","date_gmt":"2023-10-26T05:12:42","guid":{"rendered":"https:\/\/www.krajskakniznicazilina.sk\/?p=11995"},"modified":"2023-10-27T06:43:11","modified_gmt":"2023-10-27T04:43:11","slug":"tvorivy-klub-november-3","status":"publish","type":"post","link":"https:\/\/www.krajskakniznicazilina.sk\/index.php\/2023\/10\/26\/tvorivy-klub-november-3\/","title":{"rendered":"Tvoriv\u00fd klub \u2013 november"},"content":{"rendered":"<p style=\"text-align: justify;\"><strong><a href=\"https:\/\/www.krajskakniznicazilina.sk\/clanky\/2023\/09\/Tvoriv%C3%BD%20klub%20jese%C5%88.jpg\"><img decoding=\"async\" class=\"size-full alignleft\" src=\"https:\/\/www.krajskakniznicazilina.sk\/clanky\/2023\/09\/Tvoriv%C3%BD%20klub%20jese%C5%88.jpg\" width=\"40%\" height=\"40%\" \/><\/a>Modelovanie s Paverpolom<\/strong><br \/>\nVyu\u017eit\u00edm \u0161peci\u00e1lneho tekut\u00e9ho tu\u017eidla a z\u00e1rove\u0148 farby si budete m\u00f4c\u0165 s nami vyrobi\u0165 dekorat\u00edvnye ozdoby. \u010cak\u00e1me na v\u00e1s vo \u0161tvrtok <strong>9. novembra o 13:45<\/strong>\u00a0v Krajskej kni\u017enici v \u017diline.<\/p>\n<p style=\"text-align: justify;\"><strong>Polystyr\u00e9nov\u00e9 vence a gule<\/strong><br \/>\nPoz\u00fdvame v\u00e1s na n\u00e1\u0161 tvoriv\u00fd klub s t\u00e9mou Polystyr\u00e9nov\u00e9 vence a gule. Z\u00edskajte d\u00e1vku in\u0161pir\u00e1cie a pridajte sa k n\u00e1m pri tvoren\u00ed\u00a0 <strong>23. novembra o 13:45<\/strong> v Krajskej kni\u017enici v \u017diline.<\/p>\n<p style=\"text-align: justify;\">Na tvoriv\u00fd klub\u00a0<strong>je nutn\u00e9 sa vopred prihl\u00e1si\u0165<\/strong>\u00a0emailom:\u00a0<a href=\"mailto:tvorivedielne@krajskakniznicazilina.sk\"><strong>tvorivedielne@krajskakniznicazilina.sk<\/strong><\/a>. Podmienkou je platn\u00fd \u010ditate\u013esk\u00fd preukaz do Krajskej kni\u017enice \u017dilina.<\/p>\n","protected":false},"excerpt":{"rendered":"<p>Modelovanie s Paverpolom Vyu\u017eit\u00edm \u0161peci\u00e1lneho tekut\u00e9ho tu\u017eidla a z\u00e1rove\u0148 farby si budete m\u00f4c\u0165 s nami vyrobi\u0165 dekorat\u00edvnye ozdoby. \u010cak\u00e1me na v\u00e1s vo \u0161tvrtok 9. novembra o 13:45\u00a0v Krajskej kni\u017enici v \u017diline. Polystyr\u00e9nov\u00e9 vence a gule Poz\u00fdvame v\u00e1s na n\u00e1\u0161 tvoriv\u00fd klub s t\u00e9mou Polystyr\u00e9nov\u00e9 vence a gule. Z\u00edskajte d\u00e1vku in\u0161pir\u00e1cie a pridajte sa k n\u00e1m &#8230; <a title=\"Tvoriv\u00fd klub \u2013 november\" class=\"read-more\" href=\"https:\/\/www.krajskakniznicazilina.sk\/index.php\/2023\/10\/26\/tvorivy-klub-november-3\/\" aria-label=\"Pre\u010d\u00edtajte si viac o Tvoriv\u00fd klub \u2013 november\">\u010c\u00edta\u0165 viac<\/a><\/p>\n","protected":false},"author":1,"featured_media":0,"comment_status":"open","ping_status":"open","sticky":false,"template":"","format":"image","meta":{"footnotes":""},"categories":[23,12,68,37],"tags":[],"class_list":["post-11995","post","type-post","status-publish","format-image","hentry","category-klub","category-podujatie","category-projekt","category-tvorivy-klub","post_format-post-format-image"],"_links":{"self":[{"href":"https:\/\/www.krajskakniznicazilina.sk\/index.php\/wp-json\/wp\/v2\/posts\/11995","targetHints":{"allow":["GET"]}}],"collection":[{"href":"https:\/\/www.krajskakniznicazilina.sk\/index.php\/wp-json\/wp\/v2\/posts"}],"about":[{"href":"https:\/\/www.krajskakniznicazilina.sk\/index.php\/wp-json\/wp\/v2\/types\/post"}],"author":[{"embeddable":true,"href":"https:\/\/www.krajskakniznicazilina.sk\/index.php\/wp-json\/wp\/v2\/users\/1"}],"replies":[{"embeddable":true,"href":"https:\/\/www.krajskakniznicazilina.sk\/index.php\/wp-json\/wp\/v2\/comments?post=11995"}],"version-history":[{"count":2,"href":"https:\/\/www.krajskakniznicazilina.sk\/index.php\/wp-json\/wp\/v2\/posts\/11995\/revisions"}],"predecessor-version":[{"id":12035,"href":"https:\/\/www.krajskakniznicazilina.sk\/index.php\/wp-json\/wp\/v2\/posts\/11995\/revisions\/12035"}],"wp:attachment":[{"href":"https:\/\/www.krajskakniznicazilina.sk\/index.php\/wp-json\/wp\/v2\/media?parent=11995"}],"wp:term":[{"taxonomy":"category","embeddable":true,"href":"https:\/\/www.krajskakniznicazilina.sk\/index.php\/wp-json\/wp\/v2\/categories?post=11995"},{"taxonomy":"post_tag","embeddable":true,"href":"https:\/\/www.krajskakniznicazilina.sk\/index.php\/wp-json\/wp\/v2\/tags?post=11995"}],"curies":[{"name":"wp","href":"https:\/\/api.w.org\/{rel}","templated":true}]}}