{"id":12008,"date":"2023-10-30T07:07:41","date_gmt":"2023-10-30T06:07:41","guid":{"rendered":"https:\/\/www.krajskakniznicazilina.sk\/?p=12008"},"modified":"2023-10-30T08:11:30","modified_gmt":"2023-10-30T07:11:30","slug":"historia-a-vyvoj-slovenciny","status":"publish","type":"post","link":"https:\/\/www.krajskakniznicazilina.sk\/index.php\/2023\/10\/30\/historia-a-vyvoj-slovenciny\/","title":{"rendered":"Hist\u00f3ria a v\u00fdvoj sloven\u010diny"},"content":{"rendered":"<p style=\"text-align: justify;\"><strong><a href=\"https:\/\/www.krajskakniznicazilina.sk\/clanky\/2023\/11\/dom%20-%20hist.jpg\"><img decoding=\"async\" class=\"size-full alignright\" src=\"https:\/\/www.krajskakniznicazilina.sk\/clanky\/2023\/11\/dom%20-%20hist.jpg\" width=\"40%\" height=\"40%\" \/><\/a>13. novembra o 9:00 <\/strong>sa s de\u0165mi pozrieme na to, ako sa vyv\u00edjal n\u00e1\u0161 jazyk, ak\u00e9 boli jeho osudy v r\u00f4znych historick\u00fdch obdobiach a ktor\u00e9 osobnosti na\u0161ej hist\u00f3rie sa najviac zasl\u00fa\u017eili o v\u00fdvoj sloven\u010diny. Podujatie je vhodn\u00e9 pre deti od 5 do 8 rokov. Podmienkou je platn\u00fd \u010ditate\u013esk\u00fd preukaz do Krajskej kni\u017enice \u017dilina.<\/p>\n<p style=\"text-align: justify;\">Stretnutie b\u00fdva ka\u017ed\u00fd\u00a0<strong>druh\u00fd pondelok v mesiaci o 09:00,\u00a0<\/strong>v\u017edy na in\u00fa t\u00e9mu. Podujatie je ur\u010den\u00e9<strong>\u00a0pre deti<\/strong>\u00a0od 5 do 8 rokov\u00a0<strong>v dom\u00e1com vzdel\u00e1van\u00ed<\/strong>. Podmienkou je platn\u00fd \u010ditate\u013esk\u00fd preukaz do Krajskej kni\u017enice \u017dilina.<\/p>\n","protected":false},"excerpt":{"rendered":"<p>13. novembra o 9:00 sa s de\u0165mi pozrieme na to, ako sa vyv\u00edjal n\u00e1\u0161 jazyk, ak\u00e9 boli jeho osudy v r\u00f4znych historick\u00fdch obdobiach a ktor\u00e9 osobnosti na\u0161ej hist\u00f3rie sa najviac zasl\u00fa\u017eili o v\u00fdvoj sloven\u010diny. Podujatie je vhodn\u00e9 pre deti od 5 do 8 rokov. Podmienkou je platn\u00fd \u010ditate\u013esk\u00fd preukaz do Krajskej kni\u017enice \u017dilina. Stretnutie b\u00fdva &#8230; <a title=\"Hist\u00f3ria a v\u00fdvoj sloven\u010diny\" class=\"read-more\" href=\"https:\/\/www.krajskakniznicazilina.sk\/index.php\/2023\/10\/30\/historia-a-vyvoj-slovenciny\/\" aria-label=\"Pre\u010d\u00edtajte si viac o Hist\u00f3ria a v\u00fdvoj sloven\u010diny\">\u010c\u00edta\u0165 viac<\/a><\/p>\n","protected":false},"author":1,"featured_media":0,"comment_status":"open","ping_status":"open","sticky":false,"template":"","format":"image","meta":{"footnotes":""},"categories":[23,12,73],"tags":[],"class_list":["post-12008","post","type-post","status-publish","format-image","hentry","category-klub","category-podujatie","category-pre-deti","post_format-post-format-image"],"_links":{"self":[{"href":"https:\/\/www.krajskakniznicazilina.sk\/index.php\/wp-json\/wp\/v2\/posts\/12008","targetHints":{"allow":["GET"]}}],"collection":[{"href":"https:\/\/www.krajskakniznicazilina.sk\/index.php\/wp-json\/wp\/v2\/posts"}],"about":[{"href":"https:\/\/www.krajskakniznicazilina.sk\/index.php\/wp-json\/wp\/v2\/types\/post"}],"author":[{"embeddable":true,"href":"https:\/\/www.krajskakniznicazilina.sk\/index.php\/wp-json\/wp\/v2\/users\/1"}],"replies":[{"embeddable":true,"href":"https:\/\/www.krajskakniznicazilina.sk\/index.php\/wp-json\/wp\/v2\/comments?post=12008"}],"version-history":[{"count":4,"href":"https:\/\/www.krajskakniznicazilina.sk\/index.php\/wp-json\/wp\/v2\/posts\/12008\/revisions"}],"predecessor-version":[{"id":12041,"href":"https:\/\/www.krajskakniznicazilina.sk\/index.php\/wp-json\/wp\/v2\/posts\/12008\/revisions\/12041"}],"wp:attachment":[{"href":"https:\/\/www.krajskakniznicazilina.sk\/index.php\/wp-json\/wp\/v2\/media?parent=12008"}],"wp:term":[{"taxonomy":"category","embeddable":true,"href":"https:\/\/www.krajskakniznicazilina.sk\/index.php\/wp-json\/wp\/v2\/categories?post=12008"},{"taxonomy":"post_tag","embeddable":true,"href":"https:\/\/www.krajskakniznicazilina.sk\/index.php\/wp-json\/wp\/v2\/tags?post=12008"}],"curies":[{"name":"wp","href":"https:\/\/api.w.org\/{rel}","templated":true}]}}