{"id":12189,"date":"2023-12-13T07:12:40","date_gmt":"2023-12-13T06:12:40","guid":{"rendered":"https:\/\/www.krajskakniznicazilina.sk\/?p=12189"},"modified":"2023-12-12T10:34:21","modified_gmt":"2023-12-12T09:34:21","slug":"klub-u-knihulky-o-velkej-repe-2","status":"publish","type":"post","link":"https:\/\/www.krajskakniznicazilina.sk\/index.php\/2023\/12\/13\/klub-u-knihulky-o-velkej-repe-2\/","title":{"rendered":"Klub u Knihu\u013eky &#8211; O ve\u013ekej repe"},"content":{"rendered":"<p style=\"text-align: justify;\"><a href=\"https:\/\/www.krajskakniznicazilina.sk\/clanky\/2024\/01\/klub%20u%20knihulky%201.jpg\"><img decoding=\"async\" class=\"alignright size-full\" src=\"https:\/\/www.krajskakniznicazilina.sk\/clanky\/2024\/01\/klub%20u%20knihulky%201.jpg\" width=\"40%\" height=\"40%\" \/><\/a>Viete, ako rastie repa? A\u00a0ko\u013eko n\u00e1mahy n\u00e1m d\u00e1, vytiahnu\u0165 ju zo zeme? V utorok<strong> 9. janu\u00e1ra o 10:30<\/strong> v\u00a0Krajskej kni\u017enici v \u017diline sa na v\u00e1s op\u00e4\u0165 te\u0161\u00ed Knihu\u013eka. Spolu s de\u0165mi vyp\u00e1trame, ktor\u00e9 zvieratk\u00e1 \u017eij\u00fa v dom\u010deku s babkou a dedkom a objav\u00edme aj repu. Zahr\u00e1me sa na z\u00e1hradn\u00edkov a\u00a0zist\u00edme, \u010di je repa zelenina a nakoniec si \u201euvar\u00edme\u201c zdrav\u00e9 jedlo.<\/p>\n<p style=\"text-align: justify;\">Podujatie je ur\u010den\u00e9 pre deti od 2 do 4 rokov v sprievode rodi\u010dov. Na podujatie je potrebn\u00e9 vopred sa <strong>prihl\u00e1si\u0165: <a href=\"https:\/\/forms.gle\/tujAd89vvQqkhSsT7\">https:\/\/forms.gle\/tujAd89vvQqkhSsT7<\/a><\/strong><\/p>\n","protected":false},"excerpt":{"rendered":"<p>Viete, ako rastie repa? A\u00a0ko\u013eko n\u00e1mahy n\u00e1m d\u00e1, vytiahnu\u0165 ju zo zeme? V utorok 9. janu\u00e1ra o 10:30 v\u00a0Krajskej kni\u017enici v \u017diline sa na v\u00e1s op\u00e4\u0165 te\u0161\u00ed Knihu\u013eka. Spolu s de\u0165mi vyp\u00e1trame, ktor\u00e9 zvieratk\u00e1 \u017eij\u00fa v dom\u010deku s babkou a dedkom a objav\u00edme aj repu. Zahr\u00e1me sa na z\u00e1hradn\u00edkov a\u00a0zist\u00edme, \u010di je repa zelenina a &#8230; <a title=\"Klub u Knihu\u013eky &#8211; O ve\u013ekej repe\" class=\"read-more\" href=\"https:\/\/www.krajskakniznicazilina.sk\/index.php\/2023\/12\/13\/klub-u-knihulky-o-velkej-repe-2\/\" aria-label=\"Pre\u010d\u00edtajte si viac o Klub u Knihu\u013eky &#8211; O ve\u013ekej repe\">\u010c\u00edta\u0165 viac<\/a><\/p>\n","protected":false},"author":1,"featured_media":0,"comment_status":"open","ping_status":"open","sticky":false,"template":"","format":"image","meta":{"footnotes":""},"categories":[23,35,12,73],"tags":[],"class_list":["post-12189","post","type-post","status-publish","format-image","hentry","category-klub","category-knihulka","category-podujatie","category-pre-deti","post_format-post-format-image"],"_links":{"self":[{"href":"https:\/\/www.krajskakniznicazilina.sk\/index.php\/wp-json\/wp\/v2\/posts\/12189","targetHints":{"allow":["GET"]}}],"collection":[{"href":"https:\/\/www.krajskakniznicazilina.sk\/index.php\/wp-json\/wp\/v2\/posts"}],"about":[{"href":"https:\/\/www.krajskakniznicazilina.sk\/index.php\/wp-json\/wp\/v2\/types\/post"}],"author":[{"embeddable":true,"href":"https:\/\/www.krajskakniznicazilina.sk\/index.php\/wp-json\/wp\/v2\/users\/1"}],"replies":[{"embeddable":true,"href":"https:\/\/www.krajskakniznicazilina.sk\/index.php\/wp-json\/wp\/v2\/comments?post=12189"}],"version-history":[{"count":4,"href":"https:\/\/www.krajskakniznicazilina.sk\/index.php\/wp-json\/wp\/v2\/posts\/12189\/revisions"}],"predecessor-version":[{"id":12197,"href":"https:\/\/www.krajskakniznicazilina.sk\/index.php\/wp-json\/wp\/v2\/posts\/12189\/revisions\/12197"}],"wp:attachment":[{"href":"https:\/\/www.krajskakniznicazilina.sk\/index.php\/wp-json\/wp\/v2\/media?parent=12189"}],"wp:term":[{"taxonomy":"category","embeddable":true,"href":"https:\/\/www.krajskakniznicazilina.sk\/index.php\/wp-json\/wp\/v2\/categories?post=12189"},{"taxonomy":"post_tag","embeddable":true,"href":"https:\/\/www.krajskakniznicazilina.sk\/index.php\/wp-json\/wp\/v2\/tags?post=12189"}],"curies":[{"name":"wp","href":"https:\/\/api.w.org\/{rel}","templated":true}]}}