{"id":12193,"date":"2023-12-14T07:03:18","date_gmt":"2023-12-14T06:03:18","guid":{"rendered":"https:\/\/www.krajskakniznicazilina.sk\/?p=12193"},"modified":"2023-12-13T07:20:09","modified_gmt":"2023-12-13T06:20:09","slug":"tvorivy-klub-vyroba-lampasov","status":"publish","type":"post","link":"https:\/\/www.krajskakniznicazilina.sk\/index.php\/2023\/12\/14\/tvorivy-klub-vyroba-lampasov\/","title":{"rendered":"Tvoriv\u00fd klub &#8211; v\u00fdroba lamp\u00e1\u0161ov"},"content":{"rendered":"<p style=\"text-align: justify;\"><a href=\"https:\/\/www.krajskakniznicazilina.sk\/clanky\/2024\/01\/Tvoriv%C3%BD%20klub%201.jpg\"><img decoding=\"async\" class=\"alignleft size-full\" src=\"https:\/\/www.krajskakniznicazilina.sk\/clanky\/2024\/01\/Tvoriv%C3%BD%20klub%201.jpg\" width=\"40%\" height=\"40%\" \/><\/a>Z\u00fatulnite si svoj domov a spr\u00edjemnite si atmosf\u00e9ru dlh\u00fdch zimn\u00fdch ve\u010derov. Nala\u010fte sa s nami aj v novom roku a pr\u00ed\u010fte si vytvori\u0165 lamp\u00e1\u0161e zo zav\u00e1raninov\u00fdch flia\u0161 vo \u0161tvrtok<strong> 4. janu\u00e1ra 2024 o 13:45<\/strong> do Krajskej kni\u017enice v \u017diline. Materi\u00e1l bude zabezpe\u010den\u00fd, je <strong>potrebn\u00e9<\/strong> si <strong>prinies\u0165<\/strong> iba<strong> vlastn\u00fd zav\u00e1rac\u00ed poh\u00e1r<\/strong>, alebo men\u0161iu v\u00e1zu vo ve\u013ekosti zav\u00e1racej f\u013ea\u0161e.<\/p>\n<p style=\"text-align: justify;\">Na tvoriv\u00fd klub je nutn\u00e9 sa vopred <strong>prihl\u00e1si\u0165<\/strong> <strong>e-mailom<\/strong>: <a href=\"mailto:tvorivedielne@krajskakniznicazilina.sk\"><strong>tvorivedielne@krajskakniznicazilina.sk<\/strong><\/a>. Podmienkou je platn\u00fd \u010ditate\u013esk\u00fd preukaz do Krajskej kni\u017enice \u017dilina.<\/p>\n","protected":false},"excerpt":{"rendered":"<p>Z\u00fatulnite si svoj domov a spr\u00edjemnite si atmosf\u00e9ru dlh\u00fdch zimn\u00fdch ve\u010derov. Nala\u010fte sa s nami aj v novom roku a pr\u00ed\u010fte si vytvori\u0165 lamp\u00e1\u0161e zo zav\u00e1raninov\u00fdch flia\u0161 vo \u0161tvrtok 4. janu\u00e1ra 2024 o 13:45 do Krajskej kni\u017enice v \u017diline. Materi\u00e1l bude zabezpe\u010den\u00fd, je potrebn\u00e9 si prinies\u0165 iba vlastn\u00fd zav\u00e1rac\u00ed poh\u00e1r, alebo men\u0161iu v\u00e1zu vo ve\u013ekosti &#8230; <a title=\"Tvoriv\u00fd klub &#8211; v\u00fdroba lamp\u00e1\u0161ov\" class=\"read-more\" href=\"https:\/\/www.krajskakniznicazilina.sk\/index.php\/2023\/12\/14\/tvorivy-klub-vyroba-lampasov\/\" aria-label=\"Pre\u010d\u00edtajte si viac o Tvoriv\u00fd klub &#8211; v\u00fdroba lamp\u00e1\u0161ov\">\u010c\u00edta\u0165 viac<\/a><\/p>\n","protected":false},"author":1,"featured_media":0,"comment_status":"open","ping_status":"open","sticky":false,"template":"","format":"image","meta":{"footnotes":""},"categories":[23,12,37],"tags":[],"class_list":["post-12193","post","type-post","status-publish","format-image","hentry","category-klub","category-podujatie","category-tvorivy-klub","post_format-post-format-image"],"_links":{"self":[{"href":"https:\/\/www.krajskakniznicazilina.sk\/index.php\/wp-json\/wp\/v2\/posts\/12193","targetHints":{"allow":["GET"]}}],"collection":[{"href":"https:\/\/www.krajskakniznicazilina.sk\/index.php\/wp-json\/wp\/v2\/posts"}],"about":[{"href":"https:\/\/www.krajskakniznicazilina.sk\/index.php\/wp-json\/wp\/v2\/types\/post"}],"author":[{"embeddable":true,"href":"https:\/\/www.krajskakniznicazilina.sk\/index.php\/wp-json\/wp\/v2\/users\/1"}],"replies":[{"embeddable":true,"href":"https:\/\/www.krajskakniznicazilina.sk\/index.php\/wp-json\/wp\/v2\/comments?post=12193"}],"version-history":[{"count":1,"href":"https:\/\/www.krajskakniznicazilina.sk\/index.php\/wp-json\/wp\/v2\/posts\/12193\/revisions"}],"predecessor-version":[{"id":12194,"href":"https:\/\/www.krajskakniznicazilina.sk\/index.php\/wp-json\/wp\/v2\/posts\/12193\/revisions\/12194"}],"wp:attachment":[{"href":"https:\/\/www.krajskakniznicazilina.sk\/index.php\/wp-json\/wp\/v2\/media?parent=12193"}],"wp:term":[{"taxonomy":"category","embeddable":true,"href":"https:\/\/www.krajskakniznicazilina.sk\/index.php\/wp-json\/wp\/v2\/categories?post=12193"},{"taxonomy":"post_tag","embeddable":true,"href":"https:\/\/www.krajskakniznicazilina.sk\/index.php\/wp-json\/wp\/v2\/tags?post=12193"}],"curies":[{"name":"wp","href":"https:\/\/api.w.org\/{rel}","templated":true}]}}