{"id":12201,"date":"2023-12-18T07:02:27","date_gmt":"2023-12-18T06:02:27","guid":{"rendered":"https:\/\/www.krajskakniznicazilina.sk\/?p=12201"},"modified":"2023-12-18T07:09:47","modified_gmt":"2023-12-18T06:09:47","slug":"nasi-zabudnuti-rodaci","status":"publish","type":"post","link":"https:\/\/www.krajskakniznicazilina.sk\/index.php\/2023\/12\/18\/nasi-zabudnuti-rodaci\/","title":{"rendered":"Na\u0161i zabudnut\u00ed rod\u00e1ci"},"content":{"rendered":"<p style=\"text-align: justify;\"><a href=\"https:\/\/www.krajskakniznicazilina.sk\/clanky\/2024\/01\/dom%20-%20rod.jpg\"><img decoding=\"async\" class=\"size-full alignright\" src=\"https:\/\/www.krajskakniznicazilina.sk\/clanky\/2024\/01\/dom%20-%20rod.jpg\" width=\"40%\" height=\"40%\" \/><\/a>Na\u0161i zabudnut\u00ed rod\u00e1ci spravili pre n\u00e1s ve\u013ea a predsa sa na nich takmer zabudlo. V pondelok<strong> 8. janu\u00e1ra 2024 o 9:00<\/strong> sa pozrieme sa osobnosti, ktor\u00e9 patria do slovensk\u00fdch dej\u00edn, ale z r\u00f4znych d\u00f4vodov o nich vieme len ve\u013emi m\u00e1lo alebo v\u00f4bec ni\u010d. Kto s\u00fa a \u010do v\u00fdznamn\u00e9 vykonali? To sa dozvieme na \u010fal\u0161om spolo\u010dnom stretnut\u00ed.<\/p>\n<p style=\"text-align: justify;\">Stretnutie b\u00fdva ka\u017ed\u00fd\u00a0<strong>druh\u00fd pondelok v mesiaci o 09:00,\u00a0<\/strong>v\u017edy na in\u00fa t\u00e9mu. Podujatie je ur\u010den\u00e9<strong>\u00a0pre deti<\/strong>\u00a0od 5 do 8 rokov\u00a0<strong>v dom\u00e1com vzdel\u00e1van\u00ed<\/strong>. Podmienkou je platn\u00fd \u010ditate\u013esk\u00fd preukaz do Krajskej kni\u017enice \u017dilina.<\/p>\n","protected":false},"excerpt":{"rendered":"<p>Na\u0161i zabudnut\u00ed rod\u00e1ci spravili pre n\u00e1s ve\u013ea a predsa sa na nich takmer zabudlo. V pondelok 8. janu\u00e1ra 2024 o 9:00 sa pozrieme sa osobnosti, ktor\u00e9 patria do slovensk\u00fdch dej\u00edn, ale z r\u00f4znych d\u00f4vodov o nich vieme len ve\u013emi m\u00e1lo alebo v\u00f4bec ni\u010d. Kto s\u00fa a \u010do v\u00fdznamn\u00e9 vykonali? To sa dozvieme na \u010fal\u0161om spolo\u010dnom &#8230; <a title=\"Na\u0161i zabudnut\u00ed rod\u00e1ci\" class=\"read-more\" href=\"https:\/\/www.krajskakniznicazilina.sk\/index.php\/2023\/12\/18\/nasi-zabudnuti-rodaci\/\" aria-label=\"Pre\u010d\u00edtajte si viac o Na\u0161i zabudnut\u00ed rod\u00e1ci\">\u010c\u00edta\u0165 viac<\/a><\/p>\n","protected":false},"author":1,"featured_media":0,"comment_status":"open","ping_status":"open","sticky":false,"template":"","format":"image","meta":{"footnotes":""},"categories":[12,73],"tags":[],"class_list":["post-12201","post","type-post","status-publish","format-image","hentry","category-podujatie","category-pre-deti","post_format-post-format-image"],"_links":{"self":[{"href":"https:\/\/www.krajskakniznicazilina.sk\/index.php\/wp-json\/wp\/v2\/posts\/12201","targetHints":{"allow":["GET"]}}],"collection":[{"href":"https:\/\/www.krajskakniznicazilina.sk\/index.php\/wp-json\/wp\/v2\/posts"}],"about":[{"href":"https:\/\/www.krajskakniznicazilina.sk\/index.php\/wp-json\/wp\/v2\/types\/post"}],"author":[{"embeddable":true,"href":"https:\/\/www.krajskakniznicazilina.sk\/index.php\/wp-json\/wp\/v2\/users\/1"}],"replies":[{"embeddable":true,"href":"https:\/\/www.krajskakniznicazilina.sk\/index.php\/wp-json\/wp\/v2\/comments?post=12201"}],"version-history":[{"count":2,"href":"https:\/\/www.krajskakniznicazilina.sk\/index.php\/wp-json\/wp\/v2\/posts\/12201\/revisions"}],"predecessor-version":[{"id":12206,"href":"https:\/\/www.krajskakniznicazilina.sk\/index.php\/wp-json\/wp\/v2\/posts\/12201\/revisions\/12206"}],"wp:attachment":[{"href":"https:\/\/www.krajskakniznicazilina.sk\/index.php\/wp-json\/wp\/v2\/media?parent=12201"}],"wp:term":[{"taxonomy":"category","embeddable":true,"href":"https:\/\/www.krajskakniznicazilina.sk\/index.php\/wp-json\/wp\/v2\/categories?post=12201"},{"taxonomy":"post_tag","embeddable":true,"href":"https:\/\/www.krajskakniznicazilina.sk\/index.php\/wp-json\/wp\/v2\/tags?post=12201"}],"curies":[{"name":"wp","href":"https:\/\/api.w.org\/{rel}","templated":true}]}}