{"id":12412,"date":"2024-02-14T07:03:45","date_gmt":"2024-02-14T06:03:45","guid":{"rendered":"https:\/\/www.krajskakniznicazilina.sk\/?p=12412"},"modified":"2024-02-08T08:55:16","modified_gmt":"2024-02-08T07:55:16","slug":"vecerny-tvorivy-klub","status":"publish","type":"post","link":"https:\/\/www.krajskakniznicazilina.sk\/index.php\/2024\/02\/14\/vecerny-tvorivy-klub\/","title":{"rendered":"Ve\u010dern\u00fd Tvoriv\u00fd klub"},"content":{"rendered":"<p style=\"text-align: justify;\"><a href=\"https:\/\/www.krajskakniznicazilina.sk\/clanky\/2024\/02\/Tvoriv%C3%BD%20klub%20ve%C4%8Der.jpg\"><img decoding=\"async\" class=\"alignright size-full\" src=\"https:\/\/www.krajskakniznicazilina.sk\/clanky\/2024\/02\/Tvoriv%C3%BD%20klub%20ve%C4%8Der.jpg\" width=\"40%\" height=\"40%\" \/><\/a>Stretnutia ve\u010dern\u00e9ho tvoriv\u00e9ho klubu bud\u00fa vo forme amat\u00e9rskych dieln\u00ed. Bude sa na nich kresli\u0165 a ma\u013eova\u0165 na vybran\u00fa t\u00e9mu. Postupne budeme predstavova\u0165 r\u00f4zne techniky a sp\u00f4soby ich vyu\u017eitia pri tvorbe. Klub je vhodn\u00fd pre z\u00e1ujemcov od 15 rokov.<\/p>\n<p style=\"text-align: justify;\">Prv\u00e9 stretnutie ve\u010dern\u00e9ho tvoriv\u00e9ho klubu bude v stredu <strong>28. febru\u00e1ra o 16:00<\/strong> v Krajskej kni\u017enici v \u017diline na t\u00e9mu <strong>Kresba portr\u00e9tu alebo krajiny.<\/strong><\/p>\n<p style=\"text-align: justify;\">Z\u00a0d\u00f4vodu kapacitn\u00e9ho obmedzenia je potrebn\u00e9 sa vopred prihl\u00e1si\u0165 cez email: <strong><a href=\"mailto:tvorivedielne@krajskakniznicazilina.sk\">tvorivedielne@krajskakniznicazilina.sk<\/a><\/strong><\/p>\n","protected":false},"excerpt":{"rendered":"<p>Stretnutia ve\u010dern\u00e9ho tvoriv\u00e9ho klubu bud\u00fa vo forme amat\u00e9rskych dieln\u00ed. Bude sa na nich kresli\u0165 a ma\u013eova\u0165 na vybran\u00fa t\u00e9mu. Postupne budeme predstavova\u0165 r\u00f4zne techniky a sp\u00f4soby ich vyu\u017eitia pri tvorbe. Klub je vhodn\u00fd pre z\u00e1ujemcov od 15 rokov. Prv\u00e9 stretnutie ve\u010dern\u00e9ho tvoriv\u00e9ho klubu bude v stredu 28. febru\u00e1ra o 16:00 v Krajskej kni\u017enici v \u017diline &#8230; <a title=\"Ve\u010dern\u00fd Tvoriv\u00fd klub\" class=\"read-more\" href=\"https:\/\/www.krajskakniznicazilina.sk\/index.php\/2024\/02\/14\/vecerny-tvorivy-klub\/\" aria-label=\"Pre\u010d\u00edtajte si viac o Ve\u010dern\u00fd Tvoriv\u00fd klub\">\u010c\u00edta\u0165 viac<\/a><\/p>\n","protected":false},"author":1,"featured_media":0,"comment_status":"open","ping_status":"open","sticky":false,"template":"","format":"image","meta":{"footnotes":""},"categories":[23,12,37],"tags":[],"class_list":["post-12412","post","type-post","status-publish","format-image","hentry","category-klub","category-podujatie","category-tvorivy-klub","post_format-post-format-image"],"_links":{"self":[{"href":"https:\/\/www.krajskakniznicazilina.sk\/index.php\/wp-json\/wp\/v2\/posts\/12412","targetHints":{"allow":["GET"]}}],"collection":[{"href":"https:\/\/www.krajskakniznicazilina.sk\/index.php\/wp-json\/wp\/v2\/posts"}],"about":[{"href":"https:\/\/www.krajskakniznicazilina.sk\/index.php\/wp-json\/wp\/v2\/types\/post"}],"author":[{"embeddable":true,"href":"https:\/\/www.krajskakniznicazilina.sk\/index.php\/wp-json\/wp\/v2\/users\/1"}],"replies":[{"embeddable":true,"href":"https:\/\/www.krajskakniznicazilina.sk\/index.php\/wp-json\/wp\/v2\/comments?post=12412"}],"version-history":[{"count":3,"href":"https:\/\/www.krajskakniznicazilina.sk\/index.php\/wp-json\/wp\/v2\/posts\/12412\/revisions"}],"predecessor-version":[{"id":12415,"href":"https:\/\/www.krajskakniznicazilina.sk\/index.php\/wp-json\/wp\/v2\/posts\/12412\/revisions\/12415"}],"wp:attachment":[{"href":"https:\/\/www.krajskakniznicazilina.sk\/index.php\/wp-json\/wp\/v2\/media?parent=12412"}],"wp:term":[{"taxonomy":"category","embeddable":true,"href":"https:\/\/www.krajskakniznicazilina.sk\/index.php\/wp-json\/wp\/v2\/categories?post=12412"},{"taxonomy":"post_tag","embeddable":true,"href":"https:\/\/www.krajskakniznicazilina.sk\/index.php\/wp-json\/wp\/v2\/tags?post=12412"}],"curies":[{"name":"wp","href":"https:\/\/api.w.org\/{rel}","templated":true}]}}