{"id":12427,"date":"2024-02-14T07:50:33","date_gmt":"2024-02-14T06:50:33","guid":{"rendered":"https:\/\/www.krajskakniznicazilina.sk\/?p=12427"},"modified":"2024-02-28T08:47:58","modified_gmt":"2024-02-28T07:47:58","slug":"3-nominacie-na-knihu-horneho-povazia-2023","status":"publish","type":"post","link":"https:\/\/www.krajskakniznicazilina.sk\/index.php\/2024\/02\/14\/3-nominacie-na-knihu-horneho-povazia-2023\/","title":{"rendered":"3. nomin\u00e1cie na Knihu Horn\u00e9ho Pova\u017eia 2023"},"content":{"rendered":"<p style=\"text-align: justify;\">Do 29. febru\u00e1ra 2024 m\u00e1te mo\u017enos\u0165 nominova\u0165 knihy do s\u00fa\u0165a\u017ee Kniha Horn\u00e9ho Pova\u017eia 2023 \u2013\u00a0<a href=\"https:\/\/www.krajskakniznicazilina.sk\/menu\/prekniz\/knihaHP\/khpNL.pdf\">nomina\u010dn\u00fd list<\/a>. Nominovan\u00e9 m\u00f4\u017eu by\u0165 knihy, ktor\u00e9 boli vydan\u00e9 v roku 2023, s\u00fa sp\u00e4t\u00e9 s regi\u00f3nom Horn\u00e9ho Pova\u017eia tematicky alebo osobou autora textovej \u010di obrazovej \u010dasti a bolo im pridelen\u00e9 ISBN (<a href=\"https:\/\/www.krajskakniznicazilina.sk\/menu\/prekniz\/knihaHP\/khp2023prav.pdf\">pravidl\u00e1 s\u00fa\u0165a\u017ee<\/a>).<\/p>\n<p style=\"text-align: justify;\"><strong>Online nomina\u010dn\u00fd list<\/strong>\u00a0m\u00f4\u017eete vyplni\u0165 na tejto adrese:\u00a0<strong><a href=\"https:\/\/forms.gle\/pMmJZBHYtRpa4b5f9\">https:\/\/forms.gle\/pMmJZBHYtRpa4b5f9<\/a><\/strong><\/p>\n<p style=\"text-align: justify;\"><a href=\"https:\/\/www.krajskakniznicazilina.sk\/wp-content\/uploads\/2024\/02\/khp2023nom3-1-\u2013-k\u00f3pia-scaled.jpg\"><img decoding=\"async\" class=\"alignleft wp-image-12551 size-full\" src=\"https:\/\/www.krajskakniznicazilina.sk\/wp-content\/uploads\/2024\/02\/khp2023nom3-1-\u2013-k\u00f3pia-scaled.jpg\" alt=\"foto\" width=\"40%\" height=\"40%\" srcset=\"https:\/\/www.krajskakniznicazilina.sk\/wp-content\/uploads\/2024\/02\/khp2023nom3-1-\u2013-k\u00f3pia-scaled.jpg 2560w, https:\/\/www.krajskakniznicazilina.sk\/wp-content\/uploads\/2024\/02\/khp2023nom3-1-\u2013-k\u00f3pia-300x225.jpg 300w, https:\/\/www.krajskakniznicazilina.sk\/wp-content\/uploads\/2024\/02\/khp2023nom3-1-\u2013-k\u00f3pia-1024x768.jpg 1024w, https:\/\/www.krajskakniznicazilina.sk\/wp-content\/uploads\/2024\/02\/khp2023nom3-1-\u2013-k\u00f3pia-768x576.jpg 768w, https:\/\/www.krajskakniznicazilina.sk\/wp-content\/uploads\/2024\/02\/khp2023nom3-1-\u2013-k\u00f3pia-1536x1152.jpg 1536w, https:\/\/www.krajskakniznicazilina.sk\/wp-content\/uploads\/2024\/02\/khp2023nom3-1-\u2013-k\u00f3pia-2048x1536.jpg 2048w\" sizes=\"(max-width: 2560px) 100vw, 2560px\" \/><\/a>Aktu\u00e1lne s\u00fa nominovan\u00e9 (<a href=\"http:\/\/www.krajskakniznicazilina.sk\/menu\/prekniz\/knihaHP\/khp2023nom3.pdf\">nominovan\u00e9 knihy<\/a>):<\/p>\n<ul>\n<li style=\"text-align: justify;\">Zuzana Kuglerov\u00e1 &#8211; Staroslovansk\u00e9 m\u00fdty a legendy<\/li>\n<li style=\"text-align: justify;\">Andrea Par\u00e1\u010dov\u00e1 &#8211; Pod kr\u00eddla havrana<\/li>\n<li style=\"text-align: justify;\">Du\u0161an Lichner &#8211; Cez tunely Ve\u013ekej Fatry<\/li>\n<li style=\"text-align: justify;\">R\u00f3bert \u010eurec &#8211; Kr\u00e1\u013e, ktor\u00fd v\u0161etk\u00e9ho m\u00e1<\/li>\n<li style=\"text-align: justify;\">kolekt\u00edv autorov &#8211; \u017delezni\u010dky \u017dilinskej \u017eupy. Ve\u013ek\u00e1 kniha o takmer zabudnut\u00fdch dopravn\u00fdch<br \/>\nkoridoroch<\/li>\n<li style=\"text-align: justify;\">Zuzana Kuglerov\u00e1 &#8211; \u010cert v sukni<\/li>\n<li style=\"text-align: justify;\">J\u00e1n Moravec &#8211; Pr\u00edru\u010dka k dejin\u00e1m Ve\u013ekej Moravy<\/li>\n<li style=\"text-align: justify;\">Samuel Bako\u0161 &#8211; \u010co dedina, to re\u010d in\u00e1. Obce a osobnosti Slovenska<\/li>\n<\/ul>\n","protected":false},"excerpt":{"rendered":"<p>Do 29. febru\u00e1ra 2024 m\u00e1te mo\u017enos\u0165 nominova\u0165 knihy do s\u00fa\u0165a\u017ee Kniha Horn\u00e9ho Pova\u017eia 2023 \u2013\u00a0nomina\u010dn\u00fd list. Nominovan\u00e9 m\u00f4\u017eu by\u0165 knihy, ktor\u00e9 boli vydan\u00e9 v roku 2023, s\u00fa sp\u00e4t\u00e9 s regi\u00f3nom Horn\u00e9ho Pova\u017eia tematicky alebo osobou autora textovej \u010di obrazovej \u010dasti a bolo im pridelen\u00e9 ISBN (pravidl\u00e1 s\u00fa\u0165a\u017ee). Online nomina\u010dn\u00fd list\u00a0m\u00f4\u017eete vyplni\u0165 na tejto adrese:\u00a0https:\/\/forms.gle\/pMmJZBHYtRpa4b5f9 Aktu\u00e1lne &#8230; <a title=\"3. nomin\u00e1cie na Knihu Horn\u00e9ho Pova\u017eia 2023\" class=\"read-more\" href=\"https:\/\/www.krajskakniznicazilina.sk\/index.php\/2024\/02\/14\/3-nominacie-na-knihu-horneho-povazia-2023\/\" aria-label=\"Pre\u010d\u00edtajte si viac o 3. nomin\u00e1cie na Knihu Horn\u00e9ho Pova\u017eia 2023\">\u010c\u00edta\u0165 viac<\/a><\/p>\n","protected":false},"author":1,"featured_media":0,"comment_status":"open","ping_status":"open","sticky":false,"template":"","format":"image","meta":{"footnotes":""},"categories":[40,16],"tags":[],"class_list":["post-12427","post","type-post","status-publish","format-image","hentry","category-kniha-horneho-povazia","category-sutaz","post_format-post-format-image"],"_links":{"self":[{"href":"https:\/\/www.krajskakniznicazilina.sk\/index.php\/wp-json\/wp\/v2\/posts\/12427","targetHints":{"allow":["GET"]}}],"collection":[{"href":"https:\/\/www.krajskakniznicazilina.sk\/index.php\/wp-json\/wp\/v2\/posts"}],"about":[{"href":"https:\/\/www.krajskakniznicazilina.sk\/index.php\/wp-json\/wp\/v2\/types\/post"}],"author":[{"embeddable":true,"href":"https:\/\/www.krajskakniznicazilina.sk\/index.php\/wp-json\/wp\/v2\/users\/1"}],"replies":[{"embeddable":true,"href":"https:\/\/www.krajskakniznicazilina.sk\/index.php\/wp-json\/wp\/v2\/comments?post=12427"}],"version-history":[{"count":8,"href":"https:\/\/www.krajskakniznicazilina.sk\/index.php\/wp-json\/wp\/v2\/posts\/12427\/revisions"}],"predecessor-version":[{"id":12554,"href":"https:\/\/www.krajskakniznicazilina.sk\/index.php\/wp-json\/wp\/v2\/posts\/12427\/revisions\/12554"}],"wp:attachment":[{"href":"https:\/\/www.krajskakniznicazilina.sk\/index.php\/wp-json\/wp\/v2\/media?parent=12427"}],"wp:term":[{"taxonomy":"category","embeddable":true,"href":"https:\/\/www.krajskakniznicazilina.sk\/index.php\/wp-json\/wp\/v2\/categories?post=12427"},{"taxonomy":"post_tag","embeddable":true,"href":"https:\/\/www.krajskakniznicazilina.sk\/index.php\/wp-json\/wp\/v2\/tags?post=12427"}],"curies":[{"name":"wp","href":"https:\/\/api.w.org\/{rel}","templated":true}]}}