{"id":12432,"date":"2024-02-15T06:37:11","date_gmt":"2024-02-15T05:37:11","guid":{"rendered":"https:\/\/www.krajskakniznicazilina.sk\/?p=12432"},"modified":"2024-04-05T13:30:16","modified_gmt":"2024-04-05T11:30:16","slug":"sije-ti","status":"publish","type":"post","link":"https:\/\/www.krajskakniznicazilina.sk\/index.php\/2024\/02\/15\/sije-ti\/","title":{"rendered":"Tvorenie pre kostym\u00e9r\u0148u: \u0160ije ti?"},"content":{"rendered":"<p style=\"text-align: justify;\"><a href=\"https:\/\/www.krajskakniznicazilina.sk\/clanky\/2024\/03\/%C5%A1ije%20ti.jpg\"><img decoding=\"async\" class=\"alignright size-full\" src=\"https:\/\/www.krajskakniznicazilina.sk\/clanky\/2024\/03\/%C5%A1ije%20ti.jpg\" width=\"40%\" height=\"40%\" \/><\/a>\u0160ije ti? Nie? Nevad\u00ed&#8230; So \u0161ijac\u00edm strojom sa m\u00f4\u017ee\u0161 stretn\u00fa\u0165 u\u017e \u010doskoro&#8230; V Krajskej kni\u017enici v \u017diline si od 1. marca budete m\u00f4c\u0165 spolu s lektorkou vysk\u00fa\u0161a\u0165 pr\u00e1cu s automatick\u00fdmi \u0161ijac\u00edmi strojmi. Nau\u010d\u00edme sa u\u0161i\u0165 z\u00e1kladn\u00e9 \u010dasti odevov (suk\u0148a, \u0161aty, nohavice&#8230;) a takisto tieto odevy tvorivo dop\u013a\u0148a\u0165. Stretnutia s\u00fa vhodn\u00e9 aj pre \u00fapln\u00fdch za\u010diato\u010dn\u00edkov a mlad\u00fdch od 12 rokov. Vysk\u00fa\u0161ame si pr\u00e1cu s r\u00f4znymi l\u00e1tkami, materi\u00e1lmi \u010di ozdobami a vytvor\u00edme spolu z\u00e1klad po\u017ei\u010dovne kost\u00fdmov v na\u0161ej kni\u017enici. N\u00e1kup materi\u00e1lov je podporen\u00fd v r\u00e1mci projektu The Europe Challenge 2024.<\/p>\n<p style=\"text-align: justify;\">Prv\u00e9 stretnutie bude v piatok<strong> 1. marca o 16:00<\/strong> v Krajskej kni\u017enici v \u017diline, kde budeme \u0161i\u0165 sukni\u010dky. Pridajte sa k n\u00e1m. Do skor\u00e9ho \u0161itia, kreat\u00edvci.\u00a0 Po\u010det miest je obmedzen\u00fd, preto je potrebn\u00e9 sa na podujatie <strong>prihl\u00e1si\u0165<\/strong> <strong>vopred<\/strong>: <strong><a href=\"https:\/\/forms.gle\/diXN9pdDjcDrooYu8\">https:\/\/forms.gle\/diXN9pdDjcDrooYu8<\/a><\/strong><\/p>\n","protected":false},"excerpt":{"rendered":"<p>\u0160ije ti? Nie? Nevad\u00ed&#8230; So \u0161ijac\u00edm strojom sa m\u00f4\u017ee\u0161 stretn\u00fa\u0165 u\u017e \u010doskoro&#8230; V Krajskej kni\u017enici v \u017diline si od 1. marca budete m\u00f4c\u0165 spolu s lektorkou vysk\u00fa\u0161a\u0165 pr\u00e1cu s automatick\u00fdmi \u0161ijac\u00edmi strojmi. Nau\u010d\u00edme sa u\u0161i\u0165 z\u00e1kladn\u00e9 \u010dasti odevov (suk\u0148a, \u0161aty, nohavice&#8230;) a takisto tieto odevy tvorivo dop\u013a\u0148a\u0165. Stretnutia s\u00fa vhodn\u00e9 aj pre \u00fapln\u00fdch za\u010diato\u010dn\u00edkov a &#8230; <a title=\"Tvorenie pre kostym\u00e9r\u0148u: \u0160ije ti?\" class=\"read-more\" href=\"https:\/\/www.krajskakniznicazilina.sk\/index.php\/2024\/02\/15\/sije-ti\/\" aria-label=\"Pre\u010d\u00edtajte si viac o Tvorenie pre kostym\u00e9r\u0148u: \u0160ije ti?\">\u010c\u00edta\u0165 viac<\/a><\/p>\n","protected":false},"author":1,"featured_media":0,"comment_status":"open","ping_status":"open","sticky":false,"template":"","format":"image","meta":{"footnotes":""},"categories":[12,68,20],"tags":[],"class_list":["post-12432","post","type-post","status-publish","format-image","hentry","category-podujatie","category-projekt","category-workshop","post_format-post-format-image"],"_links":{"self":[{"href":"https:\/\/www.krajskakniznicazilina.sk\/index.php\/wp-json\/wp\/v2\/posts\/12432","targetHints":{"allow":["GET"]}}],"collection":[{"href":"https:\/\/www.krajskakniznicazilina.sk\/index.php\/wp-json\/wp\/v2\/posts"}],"about":[{"href":"https:\/\/www.krajskakniznicazilina.sk\/index.php\/wp-json\/wp\/v2\/types\/post"}],"author":[{"embeddable":true,"href":"https:\/\/www.krajskakniznicazilina.sk\/index.php\/wp-json\/wp\/v2\/users\/1"}],"replies":[{"embeddable":true,"href":"https:\/\/www.krajskakniznicazilina.sk\/index.php\/wp-json\/wp\/v2\/comments?post=12432"}],"version-history":[{"count":8,"href":"https:\/\/www.krajskakniznicazilina.sk\/index.php\/wp-json\/wp\/v2\/posts\/12432\/revisions"}],"predecessor-version":[{"id":12702,"href":"https:\/\/www.krajskakniznicazilina.sk\/index.php\/wp-json\/wp\/v2\/posts\/12432\/revisions\/12702"}],"wp:attachment":[{"href":"https:\/\/www.krajskakniznicazilina.sk\/index.php\/wp-json\/wp\/v2\/media?parent=12432"}],"wp:term":[{"taxonomy":"category","embeddable":true,"href":"https:\/\/www.krajskakniznicazilina.sk\/index.php\/wp-json\/wp\/v2\/categories?post=12432"},{"taxonomy":"post_tag","embeddable":true,"href":"https:\/\/www.krajskakniznicazilina.sk\/index.php\/wp-json\/wp\/v2\/tags?post=12432"}],"curies":[{"name":"wp","href":"https:\/\/api.w.org\/{rel}","templated":true}]}}