{"id":12470,"date":"2024-02-20T09:25:31","date_gmt":"2024-02-20T08:25:31","guid":{"rendered":"https:\/\/www.krajskakniznicazilina.sk\/?p=12470"},"modified":"2024-02-21T08:34:32","modified_gmt":"2024-02-21T07:34:32","slug":"ako-na-to-v-kniznici","status":"publish","type":"post","link":"https:\/\/www.krajskakniznicazilina.sk\/index.php\/2024\/02\/20\/ako-na-to-v-kniznici\/","title":{"rendered":"Ako na to v kni\u017enici?"},"content":{"rendered":"<p style=\"text-align: justify;\"><a href=\"https:\/\/www.krajskakniznicazilina.sk\/clanky\/2024\/03\/ako%20na%20to%20tsk.jpg\"><img decoding=\"async\" class=\"size-full alignright\" src=\"https:\/\/www.krajskakniznicazilina.sk\/clanky\/2024\/03\/ako%20na%20to%20tsk.jpg\" alt=\"plag\u00e1t\" width=\"40%\" height=\"40%\" \/><\/a>\u010co sa skr\u00fdva na \u00daseku odbornej literat\u00fary? A pre\u010do by ste k\u00a0n\u00e1m mali zav\u00edta\u0165 aj Vy?<\/p>\n<p style=\"text-align: justify;\">Vedeli ste, \u017ee u n\u00e1s n\u00e1jdete aj popul\u00e1rne n\u00e1u\u010dn\u00fa literat\u00faru, ktor\u00e1 V\u00e1s nadchne a roz\u0161\u00edri V\u00e1m obzory? Na \u00daseku odbornej literat\u00fary m\u00e1me okrem in\u00e9ho aj knihy o zdravej v\u00fd\u017eive, varen\u00ed, v\u00fdchove, ale aj ru\u010dn\u00fdch pr\u00e1cach, trad\u00edci\u00e1ch, hudbe, hist\u00f3rii \u010di o na\u0161om meste. \u010cakaj\u00fa tu na V\u00e1s aj va\u0161e ob\u013e\u00faben\u00e9 \u010dasopisy a denn\u00e1 tla\u010d. A nem\u00e1me na mysli iba s\u00fa\u010dasn\u00fa tla\u010d, uchov\u00e1vame aj naozaj vz\u00e1cne k\u00fasky&#8230;<\/p>\n<p style=\"text-align: justify;\">Na na\u0161om stretnut\u00ed <strong>4. marca 2024 o 16:30<\/strong> sa spolu prejdeme z\u00e1kutiami \u00daseku odbornej literat\u00fary, osvoj\u00edme si vyh\u013ead\u00e1vanie dokumentov v online katal\u00f3gu a vysvetl\u00edme si ako n\u00e1js\u0165 konkr\u00e9tne knihy a \u010dasopisy. Uk\u00e1\u017eeme si aj niektor\u00e9 raritn\u00e9 k\u00fasky n\u00e1\u0161ho fondu.<\/p>\n<p style=\"text-align: justify;\">Podujatie je vhodn\u00e9 pre v\u0161etk\u00fdch od 15 rokov. Pre \u00fa\u010das\u0165 na stretnut\u00ed je <strong>potrebn\u00e9 sa prihl\u00e1si\u0165<\/strong> prostredn\u00edctvom formul\u00e1ra: <strong><a href=\"https:\/\/forms.gle\/1huNNAPohj9vF71G8\">https:\/\/forms.gle\/1huNNAPohj9vF71G8<\/a><\/strong><\/p>\n<p>Podujatie je napl\u00e1novan\u00e9 v r\u00e1mci T\u00fd\u017ed\u0148a slovensk\u00fdch kni\u017en\u00edc 2024.<\/p>\n","protected":false},"excerpt":{"rendered":"<p>\u010co sa skr\u00fdva na \u00daseku odbornej literat\u00fary? A pre\u010do by ste k\u00a0n\u00e1m mali zav\u00edta\u0165 aj Vy? Vedeli ste, \u017ee u n\u00e1s n\u00e1jdete aj popul\u00e1rne n\u00e1u\u010dn\u00fa literat\u00faru, ktor\u00e1 V\u00e1s nadchne a roz\u0161\u00edri V\u00e1m obzory? Na \u00daseku odbornej literat\u00fary m\u00e1me okrem in\u00e9ho aj knihy o zdravej v\u00fd\u017eive, varen\u00ed, v\u00fdchove, ale aj ru\u010dn\u00fdch pr\u00e1cach, trad\u00edci\u00e1ch, hudbe, hist\u00f3rii \u010di &#8230; <a title=\"Ako na to v kni\u017enici?\" class=\"read-more\" href=\"https:\/\/www.krajskakniznicazilina.sk\/index.php\/2024\/02\/20\/ako-na-to-v-kniznici\/\" aria-label=\"Pre\u010d\u00edtajte si viac o Ako na to v kni\u017enici?\">\u010c\u00edta\u0165 viac<\/a><\/p>\n","protected":false},"author":1,"featured_media":0,"comment_status":"open","ping_status":"open","sticky":false,"template":"","format":"image","meta":{"footnotes":""},"categories":[12],"tags":[],"class_list":["post-12470","post","type-post","status-publish","format-image","hentry","category-podujatie","post_format-post-format-image"],"_links":{"self":[{"href":"https:\/\/www.krajskakniznicazilina.sk\/index.php\/wp-json\/wp\/v2\/posts\/12470","targetHints":{"allow":["GET"]}}],"collection":[{"href":"https:\/\/www.krajskakniznicazilina.sk\/index.php\/wp-json\/wp\/v2\/posts"}],"about":[{"href":"https:\/\/www.krajskakniznicazilina.sk\/index.php\/wp-json\/wp\/v2\/types\/post"}],"author":[{"embeddable":true,"href":"https:\/\/www.krajskakniznicazilina.sk\/index.php\/wp-json\/wp\/v2\/users\/1"}],"replies":[{"embeddable":true,"href":"https:\/\/www.krajskakniznicazilina.sk\/index.php\/wp-json\/wp\/v2\/comments?post=12470"}],"version-history":[{"count":3,"href":"https:\/\/www.krajskakniznicazilina.sk\/index.php\/wp-json\/wp\/v2\/posts\/12470\/revisions"}],"predecessor-version":[{"id":12489,"href":"https:\/\/www.krajskakniznicazilina.sk\/index.php\/wp-json\/wp\/v2\/posts\/12470\/revisions\/12489"}],"wp:attachment":[{"href":"https:\/\/www.krajskakniznicazilina.sk\/index.php\/wp-json\/wp\/v2\/media?parent=12470"}],"wp:term":[{"taxonomy":"category","embeddable":true,"href":"https:\/\/www.krajskakniznicazilina.sk\/index.php\/wp-json\/wp\/v2\/categories?post=12470"},{"taxonomy":"post_tag","embeddable":true,"href":"https:\/\/www.krajskakniznicazilina.sk\/index.php\/wp-json\/wp\/v2\/tags?post=12470"}],"curies":[{"name":"wp","href":"https:\/\/api.w.org\/{rel}","templated":true}]}}