{"id":12477,"date":"2024-02-20T13:22:30","date_gmt":"2024-02-20T12:22:30","guid":{"rendered":"https:\/\/www.krajskakniznicazilina.sk\/?p=12477"},"modified":"2024-02-26T06:43:36","modified_gmt":"2024-02-26T05:43:36","slug":"tyzden-slovenskych-kniznic-v-krajskej-kniznici-v-ziline-4","status":"publish","type":"post","link":"https:\/\/www.krajskakniznicazilina.sk\/index.php\/2024\/02\/20\/tyzden-slovenskych-kniznic-v-krajskej-kniznici-v-ziline-4\/","title":{"rendered":"T\u00fd\u017ede\u0148 slovensk\u00fdch kni\u017en\u00edc v\u00a0Krajskej kni\u017enici v \u017diline"},"content":{"rendered":"<p style=\"text-align: justify;\"><a href=\"https:\/\/www.krajskakniznicazilina.sk\/clanky\/2024\/03\/TSK%20%20(1).JPG\"><img decoding=\"async\" class=\"alignleft\" src=\"https:\/\/www.krajskakniznicazilina.sk\/clanky\/2024\/03\/TSK%20%20(1).JPG\" alt=\"plag\u00e1t\" width=\"30%\" height=\"30%\" \/><\/a>Zamysleli ste sa nad t\u00fdm, \u010do v\u00e1s \u010dak\u00e1 v kni\u017enici po\u010das 25. ro\u010dn\u00edka T\u00fd\u017ed\u0148a slovensk\u00fdch kni\u017en\u00edc?<\/p>\n<p style=\"text-align: justify;\">Krajsk\u00e1 kni\u017enica v \u017diline, in\u0161tit\u00facia v zria\u010fovate\u013eskej p\u00f4sobnosti \u017dilinsk\u00e9ho samospr\u00e1vneho kraja, chce pouk\u00e1za\u0165 na to, \u017ee kr\u00e1\u010da s vyspel\u00fdm svetom a pracuje s r\u00f4znymi t\u00e9mami, tak ako pribli\u017euje aj Slovensk\u00e1 asoci\u00e1cia kni\u017en\u00edc na svojej webovej str\u00e1nke: \u201epr\u00edstupnos\u0165, digitaliz\u00e1cia, umel\u00e1 inteligencia, ale aj bezbari\u00e9rovos\u0165, dostupnos\u0165 inform\u00e1ci\u00ed, vzdel\u00e1vanie a boj proti dezinform\u00e1ci\u00e1m.\u201c Cie\u013eom celon\u00e1rodn\u00e9ho podujatia je tie\u017e zvy\u0161ova\u0165 povedomie o kni\u017eniciach ako in\u0161tit\u00faci\u00e1ch pre v\u0161estrann\u00e9 vyu\u017eitie v ka\u017edodennom \u017eivote spolo\u010dnosti.<\/p>\n<p>25. ro\u010dn\u00edk T\u00fd\u017ed\u0148a slovensk\u00fdch kni\u017en\u00edc 2024 za\u010d\u00edna 4. marca sl\u00e1vnostn\u00fdm otvoren\u00edm na Bratislavskom hrade a z\u00e1\u0161titu nad jeho realiz\u00e1ciou prevzala <strong>prezidentka Slovenskej republiky Zuzana \u010caputov\u00e1<\/strong>.<\/p>\n<p style=\"text-align: justify;\">Na \u010do sa u\u00a0n\u00e1s v\u00a0kni\u017enici m\u00f4\u017eete te\u0161i\u0165?<!--more--><\/p>\n<p style=\"text-align: justify;\"><a href=\"https:\/\/www.krajskakniznicazilina.sk\/index.php\/2024\/02\/20\/ako-na-to-v-kniznici\/\"><strong>Ako na to v kni\u017enici<\/strong><\/a> a \u010do sa skr\u00fdva na oddelen\u00ed odbornej literat\u00fary n\u00e1v\u0161tevn\u00edkom <strong>v\u00a0pondelok 4. marca o 16:30 hod. <\/strong>porozpr\u00e1va a oddelen\u00edm ich prevedie knihovn\u00ed\u010dka Michaela Vaclavikov\u00e1. \u201eNa \u00faseku odbornej literat\u00fary m\u00e1me okrem in\u00e9ho aj knihy o zdravej v\u00fd\u017eive, varen\u00ed, v\u00fdchove, ale aj ru\u010dn\u00fdch pr\u00e1cach, trad\u00edci\u00e1ch, hudbe, hist\u00f3rii \u010di o na\u0161om meste. \u010cakaj\u00fa tu na v\u00e1s aj va\u0161e ob\u013e\u00faben\u00e9 \u010dasopisy a denn\u00e1 tla\u010d. A nem\u00e1me na mysli iba s\u00fa\u010dasn\u00fa tla\u010d, uchov\u00e1vame aj naozaj vz\u00e1cne k\u00fasky&#8230; Osvoj\u00edme si vyh\u013ead\u00e1vanie dokumentov v online katal\u00f3gu a vysvetl\u00edme v\u00e1m, ako n\u00e1js\u0165 konkr\u00e9tne knihy a \u010dasopisy. Uk\u00e1\u017eeme si aj niektor\u00e9 raritn\u00e9 k\u00fasky n\u00e1\u0161ho fondu,\u201c informuje Michaela Vaclavikov\u00e1. (<strong>prihl\u00e1senie na podujatie: <a href=\"https:\/\/forms.gle\/1huNNAPohj9vF71G8\">https:\/\/forms.gle\/1huNNAPohj9vF71G8<\/a><\/strong>)<\/p>\n<p style=\"text-align: justify;\"><strong>V utorok 5. marca o 10:30<\/strong> <strong>hod.<\/strong> kni\u017enica pripravila <a href=\"https:\/\/www.krajskakniznicazilina.sk\/index.php\/2024\/02\/21\/trening-pamati-5\/\"><strong>Tr\u00e9ning pam\u00e4ti<\/strong><\/a> vhodn\u00fd pre v\u0161etk\u00fdch z\u00e1ujemcov, ktor\u00ed si chc\u00fa precvi\u010di\u0165 pam\u00e4\u0165.<\/p>\n<p style=\"text-align: justify;\">\u0160peci\u00e1lnou ponukou bude podujatie <a href=\"https:\/\/www.krajskakniznicazilina.sk\/index.php\/2024\/02\/22\/dve-hodiny-knihovnikom\/\"><strong>Dve hodiny knihovn\u00edkom<\/strong><\/a>. \u201eDeti spolo\u010dne s rodi\u010dmi nav\u0161t\u00edvia oddelenie, kde sa nakupuj\u00fa a spracov\u00e1vaj\u00fa knihy, nazr\u00fa do priestorov, kde sa knihy oba\u013euj\u00fa, aby sa nezni\u010dili a na detskom oddelen\u00ed spoznaj\u00fa pr\u00e1cu detsk\u00fdch knihovn\u00edkov. Nakoniec sa dozvedia, ako to funguje pri v\u00fdpo\u017ei\u010dnom pulte a \u201eodv\u00e1\u017elivci\u201c nakukn\u00fa aj do tajov arch\u00edvu. Podujatie je vhodn\u00e9 pred deti vo veku od 7 do 11 rokov, v sprievode rodi\u010dov. Te\u0161\u00edme sa na V\u00e1s <strong>v utorok 5. marca od 15:00 hod<\/strong>.\u201c, pribli\u017euje knihovn\u00ed\u010dka \u013dubka Sol\u010dansk\u00e1. (<strong>prihl\u00e1senie na podujatie: <a href=\"https:\/\/forms.gle\/5bKpVRDo1wqdtwgXA\">https:\/\/forms.gle\/5bKpVRDo1wqdtwgXA<\/a><\/strong>)<\/p>\n<p style=\"text-align: justify;\"><strong><a href=\"https:\/\/www.krajskakniznicazilina.sk\/clanky\/2024\/03\/TSK%20%20(2).JPG\"><img decoding=\"async\" class=\"alignright size-full\" src=\"https:\/\/www.krajskakniznicazilina.sk\/clanky\/2024\/03\/TSK%20%20(2).JPG\" alt=\"plag\u00e1t\" width=\"30%\" height=\"30%\" \/><\/a>S\u00fa\u010dasn\u00fa poves\u0165ov\u00fa tvorbu v slovenskej literat\u00fare<\/strong> predstav\u00ed lektorka Zuzana Kuglerov\u00e1. Prezenta\u010dno-vzdel\u00e1vacie podujatie sa uskuto\u010dn\u00ed <strong>v\u00a0utorok 5. marca od 9:00 hod.<\/strong> a\u00a0je vhodn\u00e9 pre z\u00e1kladn\u00e9 \u0161koly 2. stup\u0148a. Bude sa kona\u0165 v\u00a0r\u00e1mci Programu Umenie pre \u0161koly 2024, ktor\u00fd z verejn\u00fdch zdrojov podporil Fond na podporu umenia.<\/p>\n<p style=\"text-align: justify;\">Podujatie <a href=\"https:\/\/www.krajskakniznicazilina.sk\/index.php\/2024\/02\/22\/je-nas-pocut-2\/\"><strong>Je n\u00e1s po\u010du\u0165<\/strong><\/a> Krajsk\u00e1 kni\u017enica v \u017diline a desiatky \u010fal\u0161\u00edch men\u0161\u00edch i v\u00e4\u010d\u0161\u00edch kni\u017en\u00edc na celom Slovensku bud\u00fa realizova\u0165 v\u00a0<strong>stredu 6. marca o 15:30 hod<\/strong>.<\/p>\n<p style=\"text-align: justify;\">\u201ePr\u00ed\u010fte si vychutna\u0165 \u0161\u00e1lku \u010daju a pom\u00f4c\u0165 n\u00e1m vytvori\u0165 klob\u00faky a kost\u00fdmov\u00e9 doplnky do na\u0161ej po\u017ei\u010dovne kost\u00fdmov. Z plsti si vyrob\u00edme klob\u00faky a \u010diapky pre \u010darodejn\u00edka \u010di \u010darodejnicu, princezn\u00fa i c\u00ednov\u00e9ho voja\u010dika\u201c, poz\u00fdva knihovn\u00edk Michal Vaclavik na podujatie s n\u00e1zvom <strong>\u010caj u Klobu\u010dn\u00edka<\/strong> <strong>v\u00a0piatok 8. marca o 16:00 hod<\/strong>. Podujatie je podporen\u00e9 z v\u00fdzvy The Europe Challenge 2024. (<strong>prihl\u00e1senie na podujatie: <a href=\"https:\/\/forms.gle\/gPVboZhye987eWc87\">https:\/\/forms.gle\/gPVboZhye987eWc87<\/a><\/strong>)<\/p>\n<p style=\"text-align: justify;\">Z\u00e1ver t\u00fd\u017ed\u0148a bude patri\u0165 interakt\u00edvnemu kv\u00edzu o\u00a0tom, <strong><a href=\"https:\/\/www.krajskakniznicazilina.sk\/index.php\/2024\/02\/23\/ako-nenaletiet-hlupostiam-na-socialnych-sietach-kviz\/\">Ako nenaletie\u0165 hl\u00fapostiam na soci\u00e1lnych sie\u0165ach<\/a>. <\/strong>Povieme si o rozdieloch medzi dezinform\u00e1ciou, hoaxom a kon\u0161pira\u010dnou te\u00f3riou. Stretnutie je vhodn\u00e9 pre akt\u00edvnych pou\u017e\u00edvate\u013eov soci\u00e1lnych siet\u00ed. Pre \u00fa\u010das\u0165 na kv\u00edze je nevyhnutn\u00fd vlastn\u00fd smartf\u00f3n, prostredn\u00edctvom ktor\u00e9ho sa bud\u00fa \u00fa\u010dastn\u00edkom zobrazova\u0165 ot\u00e1zky a n\u00e1sledne ozna\u010dia spr\u00e1vnu odpove\u010f. Z kapacitn\u00fdch d\u00f4vodov je potrebn\u00e9 sa prihl\u00e1si\u0165 prostredn\u00edctvom formul\u00e1ra, ktor\u00fd n\u00e1jdete na str\u00e1nke kni\u017enice. Kv\u00edz je vhodn\u00fd pre z\u00e1ujemcov od 15 rokov. Te\u0161\u00edme sa na v\u00e1s v <strong>piatok 8. marca o 16:30 hod. v Americkom centre<\/strong> <strong>\u017dilina. (prihl\u00e1senie na podujatie: <a href=\"https:\/\/forms.gle\/rd2ZnRCZAXxYE47G8\">https:\/\/forms.gle\/rd2ZnRCZAXxYE47G8<\/a>)<\/strong><\/p>\n<p style=\"text-align: justify;\">Po\u010das cel\u00e9ho t\u00fd\u017ed\u0148a \u010dak\u00e1 na deti v kni\u017enici e\u0161te jedno prekvapenie. Ka\u017ed\u00fd n\u00e1v\u0161tevn\u00edk do 15 rokov dostane z\u00e1pisn\u00e9 do kni\u017enice na 365 dn\u00ed bezplatne.<\/p>\n<p style=\"text-align: justify;\">Knihomoli pozor! T\u00ed, ktor\u00ed bud\u00fa prichyten\u00ed po\u010das T\u00fd\u017ed\u0148a slovensk\u00fdch kni\u017en\u00edc pri \u010d\u00edtan\u00ed v uliciach mesta alebo vo verejnej doprave knihovn\u00ed\u010dkami a knihovn\u00edkmi z Kni\u017eni\u010dnej hliadky, rovnako z\u00edskaj\u00fa bezplatn\u00e9 z\u00e1pisn\u00e9 do kni\u017enice na cel\u00fd rok. V meste ich spozn\u00e1te pod\u013ea ozna\u010denia <strong>Kni\u017eni\u010dn\u00e1 hliadka.<\/strong><\/p>\n<p style=\"text-align: justify;\">Srde\u010dne v\u0161etk\u00fdch poz\u00fdvame a te\u0161\u00edme sa na va\u0161u n\u00e1v\u0161tevu! Bli\u017e\u0161ie inform\u00e1cie k napl\u00e1novan\u00fdch podujatiach n\u00e1jdete na web str\u00e1nke kni\u017enice a\u00a0na soci\u00e1lnych sie\u0165ach.<\/p>\n<p style=\"text-align: justify;\">Mgr. Jana Neslu\u0161anov\u00e1, koordin\u00e1torka kult\u00farno-v\u00fdchovnej \u010dinnosti<\/p>\n","protected":false},"excerpt":{"rendered":"<p>Zamysleli ste sa nad t\u00fdm, \u010do v\u00e1s \u010dak\u00e1 v kni\u017enici po\u010das 25. ro\u010dn\u00edka T\u00fd\u017ed\u0148a slovensk\u00fdch kni\u017en\u00edc? Krajsk\u00e1 kni\u017enica v \u017diline, in\u0161tit\u00facia v zria\u010fovate\u013eskej p\u00f4sobnosti \u017dilinsk\u00e9ho samospr\u00e1vneho kraja, chce pouk\u00e1za\u0165 na to, \u017ee kr\u00e1\u010da s vyspel\u00fdm svetom a pracuje s r\u00f4znymi t\u00e9mami, tak ako pribli\u017euje aj Slovensk\u00e1 asoci\u00e1cia kni\u017en\u00edc na svojej webovej str\u00e1nke: \u201epr\u00edstupnos\u0165, digitaliz\u00e1cia, umel\u00e1 &#8230; <a title=\"T\u00fd\u017ede\u0148 slovensk\u00fdch kni\u017en\u00edc v\u00a0Krajskej kni\u017enici v \u017diline\" class=\"read-more\" href=\"https:\/\/www.krajskakniznicazilina.sk\/index.php\/2024\/02\/20\/tyzden-slovenskych-kniznic-v-krajskej-kniznici-v-ziline-4\/\" aria-label=\"Pre\u010d\u00edtajte si viac o T\u00fd\u017ede\u0148 slovensk\u00fdch kni\u017en\u00edc v\u00a0Krajskej kni\u017enici v \u017diline\">\u010c\u00edta\u0165 viac<\/a><\/p>\n","protected":false},"author":1,"featured_media":0,"comment_status":"open","ping_status":"open","sticky":false,"template":"","format":"image","meta":{"footnotes":""},"categories":[12,19],"tags":[],"class_list":["post-12477","post","type-post","status-publish","format-image","hentry","category-podujatie","category-tlacova-sprava","post_format-post-format-image"],"_links":{"self":[{"href":"https:\/\/www.krajskakniznicazilina.sk\/index.php\/wp-json\/wp\/v2\/posts\/12477","targetHints":{"allow":["GET"]}}],"collection":[{"href":"https:\/\/www.krajskakniznicazilina.sk\/index.php\/wp-json\/wp\/v2\/posts"}],"about":[{"href":"https:\/\/www.krajskakniznicazilina.sk\/index.php\/wp-json\/wp\/v2\/types\/post"}],"author":[{"embeddable":true,"href":"https:\/\/www.krajskakniznicazilina.sk\/index.php\/wp-json\/wp\/v2\/users\/1"}],"replies":[{"embeddable":true,"href":"https:\/\/www.krajskakniznicazilina.sk\/index.php\/wp-json\/wp\/v2\/comments?post=12477"}],"version-history":[{"count":9,"href":"https:\/\/www.krajskakniznicazilina.sk\/index.php\/wp-json\/wp\/v2\/posts\/12477\/revisions"}],"predecessor-version":[{"id":12535,"href":"https:\/\/www.krajskakniznicazilina.sk\/index.php\/wp-json\/wp\/v2\/posts\/12477\/revisions\/12535"}],"wp:attachment":[{"href":"https:\/\/www.krajskakniznicazilina.sk\/index.php\/wp-json\/wp\/v2\/media?parent=12477"}],"wp:term":[{"taxonomy":"category","embeddable":true,"href":"https:\/\/www.krajskakniznicazilina.sk\/index.php\/wp-json\/wp\/v2\/categories?post=12477"},{"taxonomy":"post_tag","embeddable":true,"href":"https:\/\/www.krajskakniznicazilina.sk\/index.php\/wp-json\/wp\/v2\/tags?post=12477"}],"curies":[{"name":"wp","href":"https:\/\/api.w.org\/{rel}","templated":true}]}}