{"id":12484,"date":"2024-02-21T07:55:57","date_gmt":"2024-02-21T06:55:57","guid":{"rendered":"https:\/\/www.krajskakniznicazilina.sk\/?p=12484"},"modified":"2024-02-21T07:56:16","modified_gmt":"2024-02-21T06:56:16","slug":"4-nominacie-na-knihu-horneho-povazia-2023","status":"publish","type":"post","link":"https:\/\/www.krajskakniznicazilina.sk\/index.php\/2024\/02\/21\/4-nominacie-na-knihu-horneho-povazia-2023\/","title":{"rendered":"4. nomin\u00e1cie na Knihu Horn\u00e9ho Pova\u017eia 2023"},"content":{"rendered":"<p style=\"text-align: justify;\">Do 29. febru\u00e1ra 2024 m\u00e1te mo\u017enos\u0165 nominova\u0165 knihy do s\u00fa\u0165a\u017ee Kniha Horn\u00e9ho Pova\u017eia 2023 \u2013\u00a0<a href=\"https:\/\/www.krajskakniznicazilina.sk\/menu\/prekniz\/knihaHP\/khpNL.pdf\">nomina\u010dn\u00fd list<\/a>. Nominovan\u00e9 m\u00f4\u017eu by\u0165 knihy, ktor\u00e9 boli vydan\u00e9 v roku 2023, s\u00fa sp\u00e4t\u00e9 s regi\u00f3nom Horn\u00e9ho Pova\u017eia tematicky alebo osobou autora textovej \u010di obrazovej \u010dasti a bolo im pridelen\u00e9 ISBN (<a href=\"https:\/\/www.krajskakniznicazilina.sk\/menu\/prekniz\/knihaHP\/khp2023prav.pdf\">pravidl\u00e1 s\u00fa\u0165a\u017ee<\/a>).<\/p>\n<p style=\"text-align: justify;\"><strong>Online nomina\u010dn\u00fd list<\/strong>\u00a0m\u00f4\u017eete vyplni\u0165 na tejto adrese:\u00a0<strong><a href=\"https:\/\/forms.gle\/pMmJZBHYtRpa4b5f9\">https:\/\/forms.gle\/pMmJZBHYtRpa4b5f9<\/a><\/strong><\/p>\n<p style=\"text-align: justify;\"><a href=\"https:\/\/www.krajskakniznicazilina.sk\/wp-content\/uploads\/2024\/02\/khp2023nom4-1-scaled.jpg\"><img decoding=\"async\" class=\"alignleft wp-image-12485 size-full\" src=\"https:\/\/www.krajskakniznicazilina.sk\/wp-content\/uploads\/2024\/02\/khp2023nom4-1-scaled.jpg\" alt=\"foto\" width=\"40%\" height=\"40%\" srcset=\"https:\/\/www.krajskakniznicazilina.sk\/wp-content\/uploads\/2024\/02\/khp2023nom4-1-scaled.jpg 2560w, https:\/\/www.krajskakniznicazilina.sk\/wp-content\/uploads\/2024\/02\/khp2023nom4-1-300x225.jpg 300w, https:\/\/www.krajskakniznicazilina.sk\/wp-content\/uploads\/2024\/02\/khp2023nom4-1-1024x768.jpg 1024w, https:\/\/www.krajskakniznicazilina.sk\/wp-content\/uploads\/2024\/02\/khp2023nom4-1-768x576.jpg 768w, https:\/\/www.krajskakniznicazilina.sk\/wp-content\/uploads\/2024\/02\/khp2023nom4-1-1536x1152.jpg 1536w, https:\/\/www.krajskakniznicazilina.sk\/wp-content\/uploads\/2024\/02\/khp2023nom4-1-2048x1536.jpg 2048w\" sizes=\"(max-width: 2560px) 100vw, 2560px\" \/><\/a>Aktu\u00e1lne s\u00fa nominovan\u00e9 (<a href=\"http:\/\/www.krajskakniznicazilina.sk\/menu\/prekniz\/knihaHP\/khp2023nom4.pdf\">nominovan\u00e9 knihy<\/a>):<\/p>\n<ul>\n<li style=\"text-align: justify;\">\u013dubica B\u00e1toryov\u00e1 &#8211; Kl\u00e1rka a Snehu\u013eko<\/li>\n<li style=\"text-align: justify;\">Zostavovate\u013eky: Henrieta Morav\u010d\u00edkov\u00e1, Laura Kri\u0161tekov\u00e1 &#8211; Spr\u00e1va o slovenskej architekt\u00fare<\/li>\n<li style=\"text-align: justify;\">Zuzana Bala\u0161ovov\u00e1 Don\u00e1tov\u00e1 &#8211; V\u00e1\u017ene-Nev\u00e1\u017ene II.<\/li>\n<li style=\"text-align: justify;\">Marcela Pol\u00e1\u010dkov\u00e1 &#8211; Zajtra<\/li>\n<li style=\"text-align: justify;\">Vladim\u00edra Kraj\u010diov\u00e1 &#8211; Sk\u00fa\u0161ky a priate\u013estv\u00e1 zvieratiek<\/li>\n<li style=\"text-align: justify;\">D\u00e1vid Dziak, Iveta Gal Drzewiecka (eds.) &#8211; Svetom COOLtov\u00fdch kn\u00edh pre deti. 100 + 1 tipov pre teba a pre m\u0148a<\/li>\n<li style=\"text-align: justify;\">D\u00e1vid Dziak, Iveta Gal Drzewiecka (eds.) &#8211; Svetom COOLtov\u00fdch kn\u00edh pre n\u00e1s\u0165ro\u010dn\u00fdch. 100 + 1 tipov pre teba a pre m\u0148a<\/li>\n<li style=\"text-align: justify;\">zostavovate\u013e Peter \u0160imko &#8211; Dejiny cestnej dopravy na Slovensku III<\/li>\n<li style=\"text-align: justify;\">Martin Tur\u00f3ci, Du\u0161an Lichner &#8211; Slovensk\u00e9 lesn\u00e9 \u017eeleznice<\/li>\n<\/ul>\n","protected":false},"excerpt":{"rendered":"<p>Do 29. febru\u00e1ra 2024 m\u00e1te mo\u017enos\u0165 nominova\u0165 knihy do s\u00fa\u0165a\u017ee Kniha Horn\u00e9ho Pova\u017eia 2023 \u2013\u00a0nomina\u010dn\u00fd list. Nominovan\u00e9 m\u00f4\u017eu by\u0165 knihy, ktor\u00e9 boli vydan\u00e9 v roku 2023, s\u00fa sp\u00e4t\u00e9 s regi\u00f3nom Horn\u00e9ho Pova\u017eia tematicky alebo osobou autora textovej \u010di obrazovej \u010dasti a bolo im pridelen\u00e9 ISBN (pravidl\u00e1 s\u00fa\u0165a\u017ee). Online nomina\u010dn\u00fd list\u00a0m\u00f4\u017eete vyplni\u0165 na tejto adrese:\u00a0https:\/\/forms.gle\/pMmJZBHYtRpa4b5f9 Aktu\u00e1lne &#8230; <a title=\"4. nomin\u00e1cie na Knihu Horn\u00e9ho Pova\u017eia 2023\" class=\"read-more\" href=\"https:\/\/www.krajskakniznicazilina.sk\/index.php\/2024\/02\/21\/4-nominacie-na-knihu-horneho-povazia-2023\/\" aria-label=\"Pre\u010d\u00edtajte si viac o 4. nomin\u00e1cie na Knihu Horn\u00e9ho Pova\u017eia 2023\">\u010c\u00edta\u0165 viac<\/a><\/p>\n","protected":false},"author":1,"featured_media":0,"comment_status":"open","ping_status":"open","sticky":false,"template":"","format":"image","meta":{"footnotes":""},"categories":[40,16],"tags":[],"class_list":["post-12484","post","type-post","status-publish","format-image","hentry","category-kniha-horneho-povazia","category-sutaz","post_format-post-format-image"],"_links":{"self":[{"href":"https:\/\/www.krajskakniznicazilina.sk\/index.php\/wp-json\/wp\/v2\/posts\/12484","targetHints":{"allow":["GET"]}}],"collection":[{"href":"https:\/\/www.krajskakniznicazilina.sk\/index.php\/wp-json\/wp\/v2\/posts"}],"about":[{"href":"https:\/\/www.krajskakniznicazilina.sk\/index.php\/wp-json\/wp\/v2\/types\/post"}],"author":[{"embeddable":true,"href":"https:\/\/www.krajskakniznicazilina.sk\/index.php\/wp-json\/wp\/v2\/users\/1"}],"replies":[{"embeddable":true,"href":"https:\/\/www.krajskakniznicazilina.sk\/index.php\/wp-json\/wp\/v2\/comments?post=12484"}],"version-history":[{"count":2,"href":"https:\/\/www.krajskakniznicazilina.sk\/index.php\/wp-json\/wp\/v2\/posts\/12484\/revisions"}],"predecessor-version":[{"id":12487,"href":"https:\/\/www.krajskakniznicazilina.sk\/index.php\/wp-json\/wp\/v2\/posts\/12484\/revisions\/12487"}],"wp:attachment":[{"href":"https:\/\/www.krajskakniznicazilina.sk\/index.php\/wp-json\/wp\/v2\/media?parent=12484"}],"wp:term":[{"taxonomy":"category","embeddable":true,"href":"https:\/\/www.krajskakniznicazilina.sk\/index.php\/wp-json\/wp\/v2\/categories?post=12484"},{"taxonomy":"post_tag","embeddable":true,"href":"https:\/\/www.krajskakniznicazilina.sk\/index.php\/wp-json\/wp\/v2\/tags?post=12484"}],"curies":[{"name":"wp","href":"https:\/\/api.w.org\/{rel}","templated":true}]}}