{"id":12490,"date":"2024-02-21T09:08:50","date_gmt":"2024-02-21T08:08:50","guid":{"rendered":"https:\/\/www.krajskakniznicazilina.sk\/?p=12490"},"modified":"2024-02-21T09:08:50","modified_gmt":"2024-02-21T08:08:50","slug":"trening-pamati-5","status":"publish","type":"post","link":"https:\/\/www.krajskakniznicazilina.sk\/index.php\/2024\/02\/21\/trening-pamati-5\/","title":{"rendered":"Tr\u00e9ning pam\u00e4ti"},"content":{"rendered":"<p style=\"text-align: justify;\"><a href=\"https:\/\/www.krajskakniznicazilina.sk\/clanky\/2024\/03\/tr%C3%A9ning%20pam%C3%A4ti%20tsk.jpg\"><img decoding=\"async\" class=\"alignleft size-full\" src=\"https:\/\/www.krajskakniznicazilina.sk\/clanky\/2024\/03\/tr%C3%A9ning%20pam%C3%A4ti%20tsk.jpg\" alt=\"plag\u00e1t\" width=\"40%\" height=\"40%\" \/><\/a>V r\u00e1mci T\u00fd\u017ed\u0148a slovensk\u00fdch kni\u017en\u00edc, ktor\u00fd prebieha v term\u00edne od 4. 3. do 8. 3.2024 sme u\u017e v predstihu pripravili podujatia venovan\u00e9 T\u00fd\u017ed\u0148u mozgu a pam\u00e4ti.\u00a0 V utorok <strong>5. marca\u00a0 o 10:30<\/strong> zrealizujeme tr\u00e9ning, ktor\u00fd bude vhodn\u00fd pre v\u0161etk\u00fdch z\u00e1ujemcov.<\/p>\n","protected":false},"excerpt":{"rendered":"<p>V r\u00e1mci T\u00fd\u017ed\u0148a slovensk\u00fdch kni\u017en\u00edc, ktor\u00fd prebieha v term\u00edne od 4. 3. do 8. 3.2024 sme u\u017e v predstihu pripravili podujatia venovan\u00e9 T\u00fd\u017ed\u0148u mozgu a pam\u00e4ti.\u00a0 V utorok 5. marca\u00a0 o 10:30 zrealizujeme tr\u00e9ning, ktor\u00fd bude vhodn\u00fd pre v\u0161etk\u00fdch z\u00e1ujemcov.<\/p>\n","protected":false},"author":1,"featured_media":0,"comment_status":"open","ping_status":"open","sticky":false,"template":"","format":"image","meta":{"footnotes":""},"categories":[12],"tags":[],"class_list":["post-12490","post","type-post","status-publish","format-image","hentry","category-podujatie","post_format-post-format-image"],"_links":{"self":[{"href":"https:\/\/www.krajskakniznicazilina.sk\/index.php\/wp-json\/wp\/v2\/posts\/12490","targetHints":{"allow":["GET"]}}],"collection":[{"href":"https:\/\/www.krajskakniznicazilina.sk\/index.php\/wp-json\/wp\/v2\/posts"}],"about":[{"href":"https:\/\/www.krajskakniznicazilina.sk\/index.php\/wp-json\/wp\/v2\/types\/post"}],"author":[{"embeddable":true,"href":"https:\/\/www.krajskakniznicazilina.sk\/index.php\/wp-json\/wp\/v2\/users\/1"}],"replies":[{"embeddable":true,"href":"https:\/\/www.krajskakniznicazilina.sk\/index.php\/wp-json\/wp\/v2\/comments?post=12490"}],"version-history":[{"count":1,"href":"https:\/\/www.krajskakniznicazilina.sk\/index.php\/wp-json\/wp\/v2\/posts\/12490\/revisions"}],"predecessor-version":[{"id":12491,"href":"https:\/\/www.krajskakniznicazilina.sk\/index.php\/wp-json\/wp\/v2\/posts\/12490\/revisions\/12491"}],"wp:attachment":[{"href":"https:\/\/www.krajskakniznicazilina.sk\/index.php\/wp-json\/wp\/v2\/media?parent=12490"}],"wp:term":[{"taxonomy":"category","embeddable":true,"href":"https:\/\/www.krajskakniznicazilina.sk\/index.php\/wp-json\/wp\/v2\/categories?post=12490"},{"taxonomy":"post_tag","embeddable":true,"href":"https:\/\/www.krajskakniznicazilina.sk\/index.php\/wp-json\/wp\/v2\/tags?post=12490"}],"curies":[{"name":"wp","href":"https:\/\/api.w.org\/{rel}","templated":true}]}}