{"id":12492,"date":"2024-02-22T07:03:57","date_gmt":"2024-02-22T06:03:57","guid":{"rendered":"https:\/\/www.krajskakniznicazilina.sk\/?p=12492"},"modified":"2024-02-21T09:12:18","modified_gmt":"2024-02-21T08:12:18","slug":"dve-hodiny-knihovnikom","status":"publish","type":"post","link":"https:\/\/www.krajskakniznicazilina.sk\/index.php\/2024\/02\/22\/dve-hodiny-knihovnikom\/","title":{"rendered":"Dve hodiny knihovn\u00edkom"},"content":{"rendered":"<p style=\"text-align: justify;\"><a href=\"https:\/\/www.krajskakniznicazilina.sk\/clanky\/2024\/03\/2%20hod%20knih%20tsk.jpg\"><img decoding=\"async\" class=\"alignright size-full\" src=\"https:\/\/www.krajskakniznicazilina.sk\/clanky\/2024\/03\/2%20hod%20knih%20tsk.jpg\" alt=\"plag\u00e1t\" width=\"40%\" height=\"40%\" \/><\/a>Zauj\u00edma v\u00e1s ako sa pracuje v kni\u017enici? Ste zvedav\u00ed, \u010do v\u0161etko robia knihovn\u00edci? M\u00e1me pre v\u00e1s mimoriadnu ponuku. <strong>5. marca od 15:00<\/strong> sa m\u00f4\u017eete sta\u0165 na dve hodiny knihovn\u00edkom a vysk\u00fa\u0161ajte si to s nami. Nav\u0161t\u00edvime oddelenie, kde sa nakupuj\u00fa a zapisuj\u00fa knihy, nazrieme do priestorov, kde sa knihy oba\u013euj\u00fa a na detskom oddelen\u00ed si uk\u00e1\u017eeme pr\u00e1cu detsk\u00fdch knihovn\u00edkov. Nakoniec sa dozviete, ako to funguje pri v\u00fdpo\u017ei\u010dnom pulte a \u201es odv\u00e1\u017elivcami\u201c nahliadneme aj do arch\u00edvu.<\/p>\n<p style=\"text-align: justify;\">Podujatie je vhodn\u00e9 <strong>pred deti od 7 do 11 rokov<\/strong>, v sprievode rodi\u010dov. Z d\u00f4vodu obmedzen\u00e9ho po\u010dtu z\u00e1ujemcov je nutn\u00e9 <strong>prihl\u00e1senie<\/strong> cez formul\u00e1r: <strong><a href=\"https:\/\/forms.gle\/5bKpVRDo1wqdtwgXA\">https:\/\/forms.gle\/5bKpVRDo1wqdtwgXA<\/a><\/strong><\/p>\n","protected":false},"excerpt":{"rendered":"<p>Zauj\u00edma v\u00e1s ako sa pracuje v kni\u017enici? Ste zvedav\u00ed, \u010do v\u0161etko robia knihovn\u00edci? M\u00e1me pre v\u00e1s mimoriadnu ponuku. 5. marca od 15:00 sa m\u00f4\u017eete sta\u0165 na dve hodiny knihovn\u00edkom a vysk\u00fa\u0161ajte si to s nami. Nav\u0161t\u00edvime oddelenie, kde sa nakupuj\u00fa a zapisuj\u00fa knihy, nazrieme do priestorov, kde sa knihy oba\u013euj\u00fa a na detskom oddelen\u00ed si &#8230; <a title=\"Dve hodiny knihovn\u00edkom\" class=\"read-more\" href=\"https:\/\/www.krajskakniznicazilina.sk\/index.php\/2024\/02\/22\/dve-hodiny-knihovnikom\/\" aria-label=\"Pre\u010d\u00edtajte si viac o Dve hodiny knihovn\u00edkom\">\u010c\u00edta\u0165 viac<\/a><\/p>\n","protected":false},"author":1,"featured_media":0,"comment_status":"open","ping_status":"open","sticky":false,"template":"","format":"image","meta":{"footnotes":""},"categories":[12,73],"tags":[],"class_list":["post-12492","post","type-post","status-publish","format-image","hentry","category-podujatie","category-pre-deti","post_format-post-format-image"],"_links":{"self":[{"href":"https:\/\/www.krajskakniznicazilina.sk\/index.php\/wp-json\/wp\/v2\/posts\/12492","targetHints":{"allow":["GET"]}}],"collection":[{"href":"https:\/\/www.krajskakniznicazilina.sk\/index.php\/wp-json\/wp\/v2\/posts"}],"about":[{"href":"https:\/\/www.krajskakniznicazilina.sk\/index.php\/wp-json\/wp\/v2\/types\/post"}],"author":[{"embeddable":true,"href":"https:\/\/www.krajskakniznicazilina.sk\/index.php\/wp-json\/wp\/v2\/users\/1"}],"replies":[{"embeddable":true,"href":"https:\/\/www.krajskakniznicazilina.sk\/index.php\/wp-json\/wp\/v2\/comments?post=12492"}],"version-history":[{"count":3,"href":"https:\/\/www.krajskakniznicazilina.sk\/index.php\/wp-json\/wp\/v2\/posts\/12492\/revisions"}],"predecessor-version":[{"id":12507,"href":"https:\/\/www.krajskakniznicazilina.sk\/index.php\/wp-json\/wp\/v2\/posts\/12492\/revisions\/12507"}],"wp:attachment":[{"href":"https:\/\/www.krajskakniznicazilina.sk\/index.php\/wp-json\/wp\/v2\/media?parent=12492"}],"wp:term":[{"taxonomy":"category","embeddable":true,"href":"https:\/\/www.krajskakniznicazilina.sk\/index.php\/wp-json\/wp\/v2\/categories?post=12492"},{"taxonomy":"post_tag","embeddable":true,"href":"https:\/\/www.krajskakniznicazilina.sk\/index.php\/wp-json\/wp\/v2\/tags?post=12492"}],"curies":[{"name":"wp","href":"https:\/\/api.w.org\/{rel}","templated":true}]}}