{"id":12547,"date":"2024-02-28T07:10:16","date_gmt":"2024-02-28T06:10:16","guid":{"rendered":"https:\/\/www.krajskakniznicazilina.sk\/?p=12547"},"modified":"2024-02-28T07:10:16","modified_gmt":"2024-02-28T06:10:16","slug":"5-nominacie-na-knihu-horneho-povazia-2023","status":"publish","type":"post","link":"https:\/\/www.krajskakniznicazilina.sk\/index.php\/2024\/02\/28\/5-nominacie-na-knihu-horneho-povazia-2023\/","title":{"rendered":"5. nomin\u00e1cie na Knihu Horn\u00e9ho Pova\u017eia 2023"},"content":{"rendered":"<p style=\"text-align: justify;\">Do 29. febru\u00e1ra 2024 m\u00e1te mo\u017enos\u0165 nominova\u0165 knihy do s\u00fa\u0165a\u017ee Kniha Horn\u00e9ho Pova\u017eia 2023 \u2013\u00a0<a href=\"https:\/\/www.krajskakniznicazilina.sk\/menu\/prekniz\/knihaHP\/khpNL.pdf\">nomina\u010dn\u00fd list<\/a>. Nominovan\u00e9 m\u00f4\u017eu by\u0165 knihy, ktor\u00e9 boli vydan\u00e9 v roku 2023, s\u00fa sp\u00e4t\u00e9 s regi\u00f3nom Horn\u00e9ho Pova\u017eia tematicky alebo osobou autora textovej \u010di obrazovej \u010dasti a bolo im pridelen\u00e9 ISBN (<a href=\"https:\/\/www.krajskakniznicazilina.sk\/menu\/prekniz\/knihaHP\/khp2023prav.pdf\">pravidl\u00e1 s\u00fa\u0165a\u017ee<\/a>).<\/p>\n<p style=\"text-align: justify;\"><strong>Online nomina\u010dn\u00fd list<\/strong>\u00a0m\u00f4\u017eete vyplni\u0165 na tejto adrese:\u00a0<strong><a href=\"https:\/\/forms.gle\/pMmJZBHYtRpa4b5f9\">https:\/\/forms.gle\/pMmJZBHYtRpa4b5f9<\/a><\/strong><\/p>\n<p style=\"text-align: justify;\"><a href=\"https:\/\/www.krajskakniznicazilina.sk\/wp-content\/uploads\/2024\/02\/khp2023nom5-2-scaled.jpg\"><img decoding=\"async\" class=\"wp-image-12548 size-full alignleft\" src=\"https:\/\/www.krajskakniznicazilina.sk\/wp-content\/uploads\/2024\/02\/khp2023nom5-2-scaled.jpg\" alt=\"foto\" width=\"40%\" height=\"40%\" srcset=\"https:\/\/www.krajskakniznicazilina.sk\/wp-content\/uploads\/2024\/02\/khp2023nom5-2-scaled.jpg 2560w, https:\/\/www.krajskakniznicazilina.sk\/wp-content\/uploads\/2024\/02\/khp2023nom5-2-300x225.jpg 300w, https:\/\/www.krajskakniznicazilina.sk\/wp-content\/uploads\/2024\/02\/khp2023nom5-2-1024x768.jpg 1024w, https:\/\/www.krajskakniznicazilina.sk\/wp-content\/uploads\/2024\/02\/khp2023nom5-2-768x576.jpg 768w, https:\/\/www.krajskakniznicazilina.sk\/wp-content\/uploads\/2024\/02\/khp2023nom5-2-1536x1152.jpg 1536w, https:\/\/www.krajskakniznicazilina.sk\/wp-content\/uploads\/2024\/02\/khp2023nom5-2-2048x1536.jpg 2048w\" sizes=\"(max-width: 2560px) 100vw, 2560px\" \/><\/a>Aktu\u00e1lne s\u00fa nominovan\u00e9 (<a href=\"http:\/\/www.krajskakniznicazilina.sk\/menu\/prekniz\/knihaHP\/khp2023nom5.pdf\">nominovan\u00e9 knihy<\/a>):<\/p>\n<ul>\n<li style=\"text-align: justify;\">Juraj Straka &#8211; Storo\u010dnica \u017dilinskej atletiky<\/li>\n<li style=\"text-align: justify;\">zostavovate\u013e Milo\u0161 Jesensk\u00fd &#8211; Pero z Gryfa. Kniha rozhovorov s autormi slovenskej fantasy<\/li>\n<li style=\"text-align: justify;\">J\u00falia Marcinov\u00e1 &#8211; Kde si sa vydala, tam si mlieko p\u00fdtaj. Kniha o \u017eivote, smrti a odpusten\u00ed<\/li>\n<li style=\"text-align: justify;\">Peter Cabadaj &#8211; Terchovsk\u00e1 muzika<\/li>\n<li style=\"text-align: justify;\">Peter G\u00e4rtner &#8211; De\u0148 radosti. Sp\u00e4\u0165 v telev\u00edzii, sp\u00e4\u0165 v divadle, sp\u00e4\u0165 v komikse<\/li>\n<li style=\"text-align: justify;\">Milo\u0161 Jesensk\u00fd, Petr Koutsk\u00fd &#8211; Najv\u00e4\u010d\u0161ie z\u00e1hady a myst\u00e9ri\u00e1 Slovenska 3<\/li>\n<li style=\"text-align: justify;\">text: Slavka Pito\u0148\u00e1kov\u00e1 &#8211; Premeny \u017dilinskej univerzity (1953 \u2013 2023)<\/li>\n<\/ul>\n","protected":false},"excerpt":{"rendered":"<p>Do 29. febru\u00e1ra 2024 m\u00e1te mo\u017enos\u0165 nominova\u0165 knihy do s\u00fa\u0165a\u017ee Kniha Horn\u00e9ho Pova\u017eia 2023 \u2013\u00a0nomina\u010dn\u00fd list. Nominovan\u00e9 m\u00f4\u017eu by\u0165 knihy, ktor\u00e9 boli vydan\u00e9 v roku 2023, s\u00fa sp\u00e4t\u00e9 s regi\u00f3nom Horn\u00e9ho Pova\u017eia tematicky alebo osobou autora textovej \u010di obrazovej \u010dasti a bolo im pridelen\u00e9 ISBN (pravidl\u00e1 s\u00fa\u0165a\u017ee). Online nomina\u010dn\u00fd list\u00a0m\u00f4\u017eete vyplni\u0165 na tejto adrese:\u00a0https:\/\/forms.gle\/pMmJZBHYtRpa4b5f9 Aktu\u00e1lne &#8230; <a title=\"5. nomin\u00e1cie na Knihu Horn\u00e9ho Pova\u017eia 2023\" class=\"read-more\" href=\"https:\/\/www.krajskakniznicazilina.sk\/index.php\/2024\/02\/28\/5-nominacie-na-knihu-horneho-povazia-2023\/\" aria-label=\"Pre\u010d\u00edtajte si viac o 5. nomin\u00e1cie na Knihu Horn\u00e9ho Pova\u017eia 2023\">\u010c\u00edta\u0165 viac<\/a><\/p>\n","protected":false},"author":1,"featured_media":0,"comment_status":"open","ping_status":"open","sticky":false,"template":"","format":"image","meta":{"footnotes":""},"categories":[40,16],"tags":[],"class_list":["post-12547","post","type-post","status-publish","format-image","hentry","category-kniha-horneho-povazia","category-sutaz","post_format-post-format-image"],"_links":{"self":[{"href":"https:\/\/www.krajskakniznicazilina.sk\/index.php\/wp-json\/wp\/v2\/posts\/12547","targetHints":{"allow":["GET"]}}],"collection":[{"href":"https:\/\/www.krajskakniznicazilina.sk\/index.php\/wp-json\/wp\/v2\/posts"}],"about":[{"href":"https:\/\/www.krajskakniznicazilina.sk\/index.php\/wp-json\/wp\/v2\/types\/post"}],"author":[{"embeddable":true,"href":"https:\/\/www.krajskakniznicazilina.sk\/index.php\/wp-json\/wp\/v2\/users\/1"}],"replies":[{"embeddable":true,"href":"https:\/\/www.krajskakniznicazilina.sk\/index.php\/wp-json\/wp\/v2\/comments?post=12547"}],"version-history":[{"count":1,"href":"https:\/\/www.krajskakniznicazilina.sk\/index.php\/wp-json\/wp\/v2\/posts\/12547\/revisions"}],"predecessor-version":[{"id":12549,"href":"https:\/\/www.krajskakniznicazilina.sk\/index.php\/wp-json\/wp\/v2\/posts\/12547\/revisions\/12549"}],"wp:attachment":[{"href":"https:\/\/www.krajskakniznicazilina.sk\/index.php\/wp-json\/wp\/v2\/media?parent=12547"}],"wp:term":[{"taxonomy":"category","embeddable":true,"href":"https:\/\/www.krajskakniznicazilina.sk\/index.php\/wp-json\/wp\/v2\/categories?post=12547"},{"taxonomy":"post_tag","embeddable":true,"href":"https:\/\/www.krajskakniznicazilina.sk\/index.php\/wp-json\/wp\/v2\/tags?post=12547"}],"curies":[{"name":"wp","href":"https:\/\/api.w.org\/{rel}","templated":true}]}}