{"id":12661,"date":"2023-12-20T14:32:39","date_gmt":"2023-12-20T13:32:39","guid":{"rendered":"https:\/\/www.krajskakniznicazilina.sk\/?p=12661"},"modified":"2024-03-25T07:33:37","modified_gmt":"2024-03-25T06:33:37","slug":"tretie-stretnutie-krajskej-kniznice-v-ziline-v-zilinskej-nemocnici-na-temu-vianoce","status":"publish","type":"post","link":"https:\/\/www.krajskakniznicazilina.sk\/index.php\/2023\/12\/20\/tretie-stretnutie-krajskej-kniznice-v-ziline-v-zilinskej-nemocnici-na-temu-vianoce\/","title":{"rendered":"Tretie stretnutie Krajskej kni\u017enice v \u017diline v \u017eilinskej nemocnici na t\u00e9mu Vianoce"},"content":{"rendered":"<p style=\"text-align: justify;\">Krajsk\u00e1 kni\u017enica v \u017diline, in\u0161tit\u00facia v zria\u010fovate\u013eskej p\u00f4sobnosti \u017dilinsk\u00e9ho samospr\u00e1vneho kraja, nav\u0161t\u00edvila \u017eilinsk\u00fa nemocnicu aj v\u00a0predviano\u010dnom obdob\u00ed. Po\u010das decembrov\u00e9ho stretnutia sme de\u0165om chceli aspo\u0148 na chv\u00ed\u013eku vy\u010darova\u0165 prav\u00fa viano\u010dn\u00fa atmosf\u00e9ru a\u00a0prinies\u0165 tak Vianoce do nemocnice pre deti, ktor\u00e9 cez toto \u010darovn\u00e9 obdobie nem\u00f4\u017eu by\u0165 doma so svojimi najbli\u017e\u0161\u00edmi. Najsk\u00f4r sme si pre\u010d\u00edtali o\u00a0zvykoch a\u00a0trad\u00edci\u00e1ch z\u00a0viano\u010dnej kni\u017eky 24 DN\u00cd DO VIANOC, ktor\u00e1 pribli\u017euje pre\u017e\u00edvanie Vianoc na Slovensku. Porozpr\u00e1vali sme sa o\u00a0sv. Barbore a\u00a0\u010dere\u0161\u0148ov\u00fdch vetvi\u010dk\u00e1ch \u2013 Barbork\u00e1ch, o\u00a0tom, \u010do je to advent, adventn\u00fd veniec, koledy, imelo, cezm\u00edna \u010di betlehemsk\u00e9 svetlo.<\/p>\n<p style=\"text-align: justify;\">Na t\u00fato knihu sme nadviazali aktivitou, pri ktorej deti p\u00edsali svoje viano\u010dn\u00e9 priania na lepiace papieriky a\u00a0lepili sme ich spolo\u010dne na nakreslen\u00fd viano\u010dn\u00fd strom\u010dek. Ten bol tak kr\u00e1sne pestrofarebn\u00fd a pln\u00fd tajn\u00fdch detsk\u00fdch prian\u00ed.<\/p>\n<p style=\"text-align: justify;\">Kniha TULENIA PRINCEZN\u00c1, z\u00a0ktorej sme si \u010d\u00edtali rozpr\u00e1vku NIKTONIKDENI\u010c, je pln\u00e1 zv\u00e4\u010d\u0161a nezn\u00e1mych pr\u00edbehov, no je kr\u00e1sna t\u00fdm, \u017ee s\u00fa v\u0161etky ve\u013emi pou\u010dn\u00e9 a\u00a0zozbieran\u00e9 z\u00a0cel\u00e9ho sveta. Rozpr\u00e1vka Niktonikdeni\u010d poukazuje na \u010dist\u00e9 a\u00a0l\u00e1skav\u00e9 srdce. Deti si mohli v\u010faka nej uvedomi\u0165, \u017ee \u201elo\u017e m\u00e1 kr\u00e1tke nohy\u201c a\u00a0\u017ee treba by\u0165 za ka\u017ed\u00fa cenu slu\u0161n\u00fdm \u010dlovekom, preto\u017ee dobro a\u00a0zlo sa n\u00e1m v\u017edy vr\u00e1ti aj s\u00a0\u00farokmi.<\/p>\n<p style=\"text-align: justify;\">K\u00a0viano\u010dnej atmosf\u00e9re sme sa vr\u00e1tili cez zdobenie strom\u010deka plsten\u00fdmi ozdobami a\u00a0deti rozpr\u00e1vali kedy, kto a\u00a0ako zdob\u00ed doma svoj viano\u010dn\u00fd strom\u010dek a\u00a0na \u010do sa najviac te\u0161ia po\u010das t\u00fdchto sviatkov.<\/p>\n<p style=\"text-align: justify;\">Spolo\u010dn\u00e9 aktivity sme ukon\u010dili viacer\u00fdmi montessori hrami s\u00a0viano\u010dnou a\u00a0zimnou tematikou. Deti si pomocou hry so \u0161tipcami precvi\u010dili po\u010d\u00edtanie, farby, tvary a\u00a0ich kombin\u00e1cie. Spolo\u010dn\u00e9 stretnutie sme ukon\u010dili hrou na h\u013eadanie spr\u00e1vnych r\u00fdmov, ktorou si precvi\u010dili svoje \u0161ikovn\u00e9 hlavi\u010dky.<\/p>\n<p style=\"text-align: justify;\"><strong>Michaela Pastorkov\u00e1<\/strong>, Krajsk\u00e1 kni\u017enica \u017dilina, knihovn\u00ed\u010dka<\/p>\n","protected":false},"excerpt":{"rendered":"<p>Krajsk\u00e1 kni\u017enica v \u017diline, in\u0161tit\u00facia v zria\u010fovate\u013eskej p\u00f4sobnosti \u017dilinsk\u00e9ho samospr\u00e1vneho kraja, nav\u0161t\u00edvila \u017eilinsk\u00fa nemocnicu aj v\u00a0predviano\u010dnom obdob\u00ed. Po\u010das decembrov\u00e9ho stretnutia sme de\u0165om chceli aspo\u0148 na chv\u00ed\u013eku vy\u010darova\u0165 prav\u00fa viano\u010dn\u00fa atmosf\u00e9ru a\u00a0prinies\u0165 tak Vianoce do nemocnice pre deti, ktor\u00e9 cez toto \u010darovn\u00e9 obdobie nem\u00f4\u017eu by\u0165 doma so svojimi najbli\u017e\u0161\u00edmi. Najsk\u00f4r sme si pre\u010d\u00edtali o\u00a0zvykoch a\u00a0trad\u00edci\u00e1ch z\u00a0viano\u010dnej &#8230; <a title=\"Tretie stretnutie Krajskej kni\u017enice v \u017diline v \u017eilinskej nemocnici na t\u00e9mu Vianoce\" class=\"read-more\" href=\"https:\/\/www.krajskakniznicazilina.sk\/index.php\/2023\/12\/20\/tretie-stretnutie-krajskej-kniznice-v-ziline-v-zilinskej-nemocnici-na-temu-vianoce\/\" aria-label=\"Pre\u010d\u00edtajte si viac o Tretie stretnutie Krajskej kni\u017enice v \u017diline v \u017eilinskej nemocnici na t\u00e9mu Vianoce\">\u010c\u00edta\u0165 viac<\/a><\/p>\n","protected":false},"author":1,"featured_media":0,"comment_status":"open","ping_status":"open","sticky":false,"template":"","format":"image","meta":{"footnotes":""},"categories":[19],"tags":[],"class_list":["post-12661","post","type-post","status-publish","format-image","hentry","category-tlacova-sprava","post_format-post-format-image"],"_links":{"self":[{"href":"https:\/\/www.krajskakniznicazilina.sk\/index.php\/wp-json\/wp\/v2\/posts\/12661","targetHints":{"allow":["GET"]}}],"collection":[{"href":"https:\/\/www.krajskakniznicazilina.sk\/index.php\/wp-json\/wp\/v2\/posts"}],"about":[{"href":"https:\/\/www.krajskakniznicazilina.sk\/index.php\/wp-json\/wp\/v2\/types\/post"}],"author":[{"embeddable":true,"href":"https:\/\/www.krajskakniznicazilina.sk\/index.php\/wp-json\/wp\/v2\/users\/1"}],"replies":[{"embeddable":true,"href":"https:\/\/www.krajskakniznicazilina.sk\/index.php\/wp-json\/wp\/v2\/comments?post=12661"}],"version-history":[{"count":2,"href":"https:\/\/www.krajskakniznicazilina.sk\/index.php\/wp-json\/wp\/v2\/posts\/12661\/revisions"}],"predecessor-version":[{"id":12663,"href":"https:\/\/www.krajskakniznicazilina.sk\/index.php\/wp-json\/wp\/v2\/posts\/12661\/revisions\/12663"}],"wp:attachment":[{"href":"https:\/\/www.krajskakniznicazilina.sk\/index.php\/wp-json\/wp\/v2\/media?parent=12661"}],"wp:term":[{"taxonomy":"category","embeddable":true,"href":"https:\/\/www.krajskakniznicazilina.sk\/index.php\/wp-json\/wp\/v2\/categories?post=12661"},{"taxonomy":"post_tag","embeddable":true,"href":"https:\/\/www.krajskakniznicazilina.sk\/index.php\/wp-json\/wp\/v2\/tags?post=12661"}],"curies":[{"name":"wp","href":"https:\/\/api.w.org\/{rel}","templated":true}]}}