{"id":12790,"date":"2024-05-08T07:06:51","date_gmt":"2024-05-08T05:06:51","guid":{"rendered":"https:\/\/www.krajskakniznicazilina.sk\/?p=12790"},"modified":"2024-04-19T08:57:23","modified_gmt":"2024-04-19T06:57:23","slug":"tvorime-vlastnu-knihu-vyhodnotenie-medzinarodneho-kola","status":"publish","type":"post","link":"https:\/\/www.krajskakniznicazilina.sk\/index.php\/2024\/05\/08\/tvorime-vlastnu-knihu-vyhodnotenie-medzinarodneho-kola\/","title":{"rendered":"Tvor\u00edme vlastn\u00fa knihu &#8211; vyhodnotenie medzin\u00e1rodn\u00e9ho kola"},"content":{"rendered":"<p style=\"text-align: justify;\"><a href=\"https:\/\/www.krajskakniznicazilina.sk\/clanky\/2024\/05\/TVK%20vyhod.jpg\"><img decoding=\"async\" class=\"alignleft size-full\" src=\"https:\/\/www.krajskakniznicazilina.sk\/clanky\/2024\/05\/TVK%20vyhod.jpg\" alt=\"plag\u00e1t\" width=\"35%\" height=\"35%\" \/><\/a>Poz\u00fdvame V\u00e1s na sl\u00e1vnostn\u00e9 vyhodnotenie medzin\u00e1rodn\u00e9ho kola 25. ro\u010dn\u00edka medzin\u00e1rodnej slovensko-\u010desko-po\u013eskej s\u00fa\u0165a\u017ee Tvor\u00edme vlastn\u00fa knihu. T\u00e9ma tohto ro\u010dn\u00edka bola: Sn\u00edvalo sa mi o \u0161kole bud\u00facnosti (\u013eubovo\u013en\u00fd \u017e\u00e1ner). Te\u0161\u00edme sa na V\u00e1s v stredu <strong>29. m\u00e1ja o 11:30 <\/strong>v Krajskej kni\u017enici v \u017diline.<\/p>\n<p>&nbsp;<\/p>\n","protected":false},"excerpt":{"rendered":"<p>Poz\u00fdvame V\u00e1s na sl\u00e1vnostn\u00e9 vyhodnotenie medzin\u00e1rodn\u00e9ho kola 25. ro\u010dn\u00edka medzin\u00e1rodnej slovensko-\u010desko-po\u013eskej s\u00fa\u0165a\u017ee Tvor\u00edme vlastn\u00fa knihu. T\u00e9ma tohto ro\u010dn\u00edka bola: Sn\u00edvalo sa mi o \u0161kole bud\u00facnosti (\u013eubovo\u013en\u00fd \u017e\u00e1ner). Te\u0161\u00edme sa na V\u00e1s v stredu 29. m\u00e1ja o 11:30 v Krajskej kni\u017enici v \u017diline. &nbsp;<\/p>\n","protected":false},"author":1,"featured_media":0,"comment_status":"open","ping_status":"open","sticky":false,"template":"","format":"image","meta":{"footnotes":""},"categories":[16,43],"tags":[],"class_list":["post-12790","post","type-post","status-publish","format-image","hentry","category-sutaz","category-tvk","post_format-post-format-image"],"_links":{"self":[{"href":"https:\/\/www.krajskakniznicazilina.sk\/index.php\/wp-json\/wp\/v2\/posts\/12790","targetHints":{"allow":["GET"]}}],"collection":[{"href":"https:\/\/www.krajskakniznicazilina.sk\/index.php\/wp-json\/wp\/v2\/posts"}],"about":[{"href":"https:\/\/www.krajskakniznicazilina.sk\/index.php\/wp-json\/wp\/v2\/types\/post"}],"author":[{"embeddable":true,"href":"https:\/\/www.krajskakniznicazilina.sk\/index.php\/wp-json\/wp\/v2\/users\/1"}],"replies":[{"embeddable":true,"href":"https:\/\/www.krajskakniznicazilina.sk\/index.php\/wp-json\/wp\/v2\/comments?post=12790"}],"version-history":[{"count":2,"href":"https:\/\/www.krajskakniznicazilina.sk\/index.php\/wp-json\/wp\/v2\/posts\/12790\/revisions"}],"predecessor-version":[{"id":12825,"href":"https:\/\/www.krajskakniznicazilina.sk\/index.php\/wp-json\/wp\/v2\/posts\/12790\/revisions\/12825"}],"wp:attachment":[{"href":"https:\/\/www.krajskakniznicazilina.sk\/index.php\/wp-json\/wp\/v2\/media?parent=12790"}],"wp:term":[{"taxonomy":"category","embeddable":true,"href":"https:\/\/www.krajskakniznicazilina.sk\/index.php\/wp-json\/wp\/v2\/categories?post=12790"},{"taxonomy":"post_tag","embeddable":true,"href":"https:\/\/www.krajskakniznicazilina.sk\/index.php\/wp-json\/wp\/v2\/tags?post=12790"}],"curies":[{"name":"wp","href":"https:\/\/api.w.org\/{rel}","templated":true}]}}