{"id":12811,"date":"2024-06-20T07:02:10","date_gmt":"2024-06-20T05:02:10","guid":{"rendered":"https:\/\/www.krajskakniznicazilina.sk\/?p=12811"},"modified":"2024-06-26T06:48:00","modified_gmt":"2024-06-26T04:48:00","slug":"putovna-vystava-vitaznych-knih-kniha-roka-2023","status":"publish","type":"post","link":"https:\/\/www.krajskakniznicazilina.sk\/index.php\/2024\/06\/20\/putovna-vystava-vitaznych-knih-kniha-roka-2023\/","title":{"rendered":"Putovn\u00e1 v\u00fdstava v\u00ed\u0165azn\u00fdch kn\u00edh Kniha roka 2023"},"content":{"rendered":"<p style=\"text-align: justify;\"><a href=\"https:\/\/www.krajskakniznicazilina.sk\/clanky\/2024\/06\/putovn%C3%A1%20v%C3%BDstava.jpg\"><img decoding=\"async\" class=\"size-full alignright\" src=\"https:\/\/www.krajskakniznicazilina.sk\/clanky\/2024\/06\/putovn%C3%A1%20v%C3%BDstava.jpg\" alt=\"plag\u00e1t\" width=\"35%\" height=\"35%\" \/><\/a><\/p>\n<p style=\"text-align: justify;\">Krajsk\u00e1 kni\u017enica v\u00a0\u017diline v\u00a0zria\u010fovate\u013eskej p\u00f4sobnosti \u017dilinsk\u00e9ho samospr\u00e1vneho kraja V\u00e1s poz\u00fdva na <strong>putovn\u00fa v\u00fdstavu<\/strong> zostaven\u00fa z v\u00ed\u0165azn\u00fdch kn\u00edh region\u00e1lnych \u010ditate\u013esk\u00fdch s\u00fa\u0165a\u017e\u00ed za rok 2023 &#8211; <em>Kniha Horn\u00e9ho Pova\u017eia, Kniha Turca,\u00a0 Kniha Oravy , Kniha Liptova\u00a0 a\u00a0Kniha Kys\u00fac<\/em>. S\u00fa\u010das\u0165ou v\u00fdstavy bud\u00fa v\u00ed\u0165azn\u00e9 knihy 1. ro\u010dn\u00edka s\u00fa\u0165a\u017ee <em>Kniha \u017dilinsk\u00e9ho kraja 2023<\/em>.<\/p>\n<p style=\"text-align: justify;\">V\u00fdstava je spr\u00edstupnen\u00e1 \u0161irokej verejnosti po\u010das otv\u00e1rac\u00edch hod\u00edn na pr\u00edzem\u00ed Krajskej kni\u017enice v\u00a0\u017diline, Ul. A. Bernol\u00e1ka 47 v\u00a0obdob\u00ed\u00a0 <strong>od 24.6.2024 \u2013 13.7.2024<\/strong>.<\/p>\n<p style=\"text-align: justify;\">V\u00fdstava bude\u00a0 postupne prezentovan\u00e1 vo v\u0161etk\u00fdch region\u00e1lnych kni\u017eniciach \u017dilinsk\u00e9ho samospr\u00e1vneho kraja. Viac inform\u00e1cii je uverejnen\u00fdch na web str\u00e1nke kni\u017enice.<\/p>\n","protected":false},"excerpt":{"rendered":"<p>Krajsk\u00e1 kni\u017enica v\u00a0\u017diline v\u00a0zria\u010fovate\u013eskej p\u00f4sobnosti \u017dilinsk\u00e9ho samospr\u00e1vneho kraja V\u00e1s poz\u00fdva na putovn\u00fa v\u00fdstavu zostaven\u00fa z v\u00ed\u0165azn\u00fdch kn\u00edh region\u00e1lnych \u010ditate\u013esk\u00fdch s\u00fa\u0165a\u017e\u00ed za rok 2023 &#8211; Kniha Horn\u00e9ho Pova\u017eia, Kniha Turca,\u00a0 Kniha Oravy , Kniha Liptova\u00a0 a\u00a0Kniha Kys\u00fac. S\u00fa\u010das\u0165ou v\u00fdstavy bud\u00fa v\u00ed\u0165azn\u00e9 knihy 1. ro\u010dn\u00edka s\u00fa\u0165a\u017ee Kniha \u017dilinsk\u00e9ho kraja 2023. V\u00fdstava je spr\u00edstupnen\u00e1 \u0161irokej verejnosti po\u010das otv\u00e1rac\u00edch &#8230; <a title=\"Putovn\u00e1 v\u00fdstava v\u00ed\u0165azn\u00fdch kn\u00edh Kniha roka 2023\" class=\"read-more\" href=\"https:\/\/www.krajskakniznicazilina.sk\/index.php\/2024\/06\/20\/putovna-vystava-vitaznych-knih-kniha-roka-2023\/\" aria-label=\"Pre\u010d\u00edtajte si viac o Putovn\u00e1 v\u00fdstava v\u00ed\u0165azn\u00fdch kn\u00edh Kniha roka 2023\">\u010c\u00edta\u0165 viac<\/a><\/p>\n","protected":false},"author":1,"featured_media":0,"comment_status":"open","ping_status":"open","sticky":false,"template":"","format":"image","meta":{"footnotes":""},"categories":[40,16,15],"tags":[],"class_list":["post-12811","post","type-post","status-publish","format-image","hentry","category-kniha-horneho-povazia","category-sutaz","category-vystava","post_format-post-format-image"],"_links":{"self":[{"href":"https:\/\/www.krajskakniznicazilina.sk\/index.php\/wp-json\/wp\/v2\/posts\/12811","targetHints":{"allow":["GET"]}}],"collection":[{"href":"https:\/\/www.krajskakniznicazilina.sk\/index.php\/wp-json\/wp\/v2\/posts"}],"about":[{"href":"https:\/\/www.krajskakniznicazilina.sk\/index.php\/wp-json\/wp\/v2\/types\/post"}],"author":[{"embeddable":true,"href":"https:\/\/www.krajskakniznicazilina.sk\/index.php\/wp-json\/wp\/v2\/users\/1"}],"replies":[{"embeddable":true,"href":"https:\/\/www.krajskakniznicazilina.sk\/index.php\/wp-json\/wp\/v2\/comments?post=12811"}],"version-history":[{"count":5,"href":"https:\/\/www.krajskakniznicazilina.sk\/index.php\/wp-json\/wp\/v2\/posts\/12811\/revisions"}],"predecessor-version":[{"id":13171,"href":"https:\/\/www.krajskakniznicazilina.sk\/index.php\/wp-json\/wp\/v2\/posts\/12811\/revisions\/13171"}],"wp:attachment":[{"href":"https:\/\/www.krajskakniznicazilina.sk\/index.php\/wp-json\/wp\/v2\/media?parent=12811"}],"wp:term":[{"taxonomy":"category","embeddable":true,"href":"https:\/\/www.krajskakniznicazilina.sk\/index.php\/wp-json\/wp\/v2\/categories?post=12811"},{"taxonomy":"post_tag","embeddable":true,"href":"https:\/\/www.krajskakniznicazilina.sk\/index.php\/wp-json\/wp\/v2\/tags?post=12811"}],"curies":[{"name":"wp","href":"https:\/\/api.w.org\/{rel}","templated":true}]}}